{"id":10057,"date":"2023-11-07T13:43:28","date_gmt":"2023-11-07T10:43:28","guid":{"rendered":"https:\/\/www.urfabugun.com\/?p=10057"},"modified":"2023-11-07T13:43:34","modified_gmt":"2023-11-07T10:43:34","slug":"engin-ve-dilan-polatin-avukati-cagdas-celik-dosyadan-cekildi","status":"publish","type":"post","link":"https:\/\/www.urfabugun.com\/index.php\/2023\/11\/07\/engin-ve-dilan-polatin-avukati-cagdas-celik-dosyadan-cekildi\/","title":{"rendered":"Engin Ve Dilan Polat&#8217;\u0131n Avukat\u0131 \u00c7a\u011fda\u015f \u00c7elik, Dosyadan \u00c7ekildi!"},"content":{"rendered":"\n<p><strong>Daha \u00f6nce yapt\u0131\u011f\u0131 bir a\u00e7\u0131klamada &#8220;Kara para akl\u0131yorlarsa davadan \u00e7ekilirim&#8221; diyen Dilan Polat ve Engin Polat \u00e7iftinin avukat\u0131 \u00c7a\u011fda\u015f \u00c7elik, dosyada yer almak istemedi\u011fini belirterek davadan \u00e7ekildi.<\/strong><\/p>\n\n\n\n<p>Kara para aklama ve vergi ka\u00e7ak\u00e7\u0131l\u0131\u011f\u0131 su\u00e7lamas\u0131yla tutuklanan Engin ve Dilan Polat \u00e7iftinin avukat\u0131 \u00c7a\u011fda\u015f \u00c7elik, yer almak istemedi\u011fini belirterek dosyadan \u00e7ekildi.<\/p>\n\n\n\n<p><strong>ARTIK SAVUNMAYACAK<\/strong><\/p>\n\n\n\n<p>Haklar\u0131nda bir\u00e7ok iddia bulunan Dilan Polat ve Engin Polat \u00e7ifti dahil \u00e7ok say\u0131da isim \u00f6nceki g\u00fcn tutuklanarak cezaevine g\u00f6nderildi. \u00c7iftin avukat\u0131 \u00c7a\u011fda\u015f \u00c7elik ise art\u0131k davada yer almak istemedi\u011fini s\u00f6yleyerek \u00e7ekilme karar\u0131 adl\u0131. \u00c7elik daha \u00f6nce yapt\u0131\u011f\u0131 bir a\u00e7\u0131klamada \u00e7iftin kara para aklama iddias\u0131n\u0131n delilerle belgelenmesinin ard\u0131ndan davadan \u00e7ekilece\u011fini s\u00f6ylemi\u015fti.<\/p>\n\n\n\n<p><strong>27 \u015e\u0130RKET \u0130\u00c7\u0130N KAYYIM ATANDI<\/strong><\/p>\n\n\n\n<p>\u0130stanbul merkezli 6 ilde d\u00fczenlenen, Dilan Polat ve e\u015fi Engin Polat&#8217;\u0131n tutukland\u0131\u011f\u0131 operasyon kapsam\u0131nda tedbir konulan 27 \u015firket i\u00e7in soru\u015fturma ve kovu\u015fturma s\u00fcresi boyunca \u015firket y\u00f6netimlerine kayy\u0131m atanmas\u0131n\u0131 talep edildi. S\u00f6z konusu talep \u0130stanbul Anadolu Cumhuriyet Ba\u015fsavc\u0131l\u0131\u011f\u0131 taraf\u0131ndan al\u0131nd\u0131. Talebi de\u011ferlendiren mahkeme 27 \u015firkete kayyum atanmas\u0131na karar verdi.<\/p>\n","protected":false},"excerpt":{"rendered":"<p>Daha \u00f6nce yapt\u0131\u011f\u0131 bir a\u00e7\u0131klamada &#8220;Kara para akl\u0131yorlarsa davadan \u00e7ekilirim&#8221; diyen Dilan Polat ve Engin Polat&#46;&#46;&#46;<\/p>\n","protected":false},"author":2,"featured_media":10059,"comment_status":"open","ping_status":"open","sticky":false,"template":"","format":"standard","meta":{"inline_featured_image":false,"footnotes":""},"categories":[85],"tags":[3012,3013,3011,115,118,131,107],"manset":[],"class_list":["post-10057","post","type-post","status-publish","format-standard","has-post-thumbnail","hentry","category-magazin-haberleri","tag-dosyadan-cekildi","tag-engin-dilan-polat","tag-engin-ve-dilan-polatin-avukati-cagdas-celik","tag-magazin","tag-sanliurfa","tag-son-dakika","tag-ub"],"_links":{"self":[{"href":"https:\/\/www.urfabugun.com\/index.php\/wp-json\/wp\/v2\/posts\/10057","targetHints":{"allow":["GET"]}}],"collection":[{"href":"https:\/\/www.urfabugun.com\/index.php\/wp-json\/wp\/v2\/posts"}],"about":[{"href":"https:\/\/www.urfabugun.com\/index.php\/wp-json\/wp\/v2\/types\/post"}],"author":[{"embeddable":true,"href":"https:\/\/www.urfabugun.com\/index.php\/wp-json\/wp\/v2\/users\/2"}],"replies":[{"embeddable":true,"href":"https:\/\/www.urfabugun.com\/index.php\/wp-json\/wp\/v2\/comments?post=10057"}],"version-history":[{"count":0,"href":"https:\/\/www.urfabugun.com\/index.php\/wp-json\/wp\/v2\/posts\/10057\/revisions"}],"wp:featuredmedia":[{"embeddable":true,"href":"https:\/\/www.urfabugun.com\/index.php\/wp-json\/wp\/v2\/media\/10059"}],"wp:attachment":[{"href":"https:\/\/www.urfabugun.com\/index.php\/wp-json\/wp\/v2\/media?parent=10057"}],"wp:term":[{"taxonomy":"category","embeddable":true,"href":"https:\/\/www.urfabugun.com\/index.php\/wp-json\/wp\/v2\/categories?post=10057"},{"taxonomy":"post_tag","embeddable":true,"href":"https:\/\/www.urfabugun.com\/index.php\/wp-json\/wp\/v2\/tags?post=10057"},{"taxonomy":"manset","embeddable":true,"href":"https:\/\/www.urfabugun.com\/index.php\/wp-json\/wp\/v2\/manset?post=10057"}],"curies":[{"name":"wp","href":"https:\/\/api.w.org\/{rel}","templated":true}]}}