{"id":10099,"date":"2023-11-10T17:45:00","date_gmt":"2023-11-10T14:45:00","guid":{"rendered":"https:\/\/www.urfabugun.com\/?p=10099"},"modified":"2023-11-10T17:45:12","modified_gmt":"2023-11-10T14:45:12","slug":"calismayan-emekliye-5-bin-lira-odeme-yarin-basliyor","status":"publish","type":"post","link":"https:\/\/www.urfabugun.com\/index.php\/2023\/11\/10\/calismayan-emekliye-5-bin-lira-odeme-yarin-basliyor\/","title":{"rendered":"\u00c7al\u0131\u015fmayan Emekliye 5 Bin Lira \u00d6deme Yar\u0131n Ba\u015fl\u0131yor!"},"content":{"rendered":"\n<p><\/p>\n\n\n\n<p><strong>Sosyal G\u00fcvenlik Kurumu, Emekli Sand\u0131\u011f\u0131 ve Ba\u011fkur kapsam\u0131nda \u00e7al\u0131\u015fmayan emeklilere 5 bin lira \u00f6demesine yar\u0131ndan itibaren ba\u015flanacak.<\/strong><\/p>\n\n\n\n<p>\u00c7al\u0131\u015fma ve Sosyal G\u00fcvenlik Bakanl\u0131\u011f\u0131&#8217;ndan al\u0131nan bilgiye g\u00f6re, gelir veya ayl\u0131k alan \u00e7al\u0131\u015fmayan emeklilere 5&nbsp; bin lira tutar\u0131nda, dul ve yetimlere de bu tutar\u0131n ayl\u0131ktaki hisseye g\u00f6re yap\u0131lmas\u0131na yar\u0131n itibar\u0131yla ba\u015flanacak.<\/p>\n\n\n\n<p>Bu \u00f6deme; SSK kapsam\u0131nda ayl\u0131k alanlardan ayl\u0131k \u00f6deme g\u00fcn\u00fc 17,18, 19 olanlar i\u00e7in 11 Kas\u0131m, 20, 21, 22 olanlara 12 Kas\u0131m, 23, 24, 25, 26 olanlara 13 Kas\u0131m, Ba\u011fkur ve Emekli Sand\u0131\u011f\u0131 kapsam\u0131nda ayl\u0131k alanlara ise 14 Kas\u0131m&#8217;da yap\u0131lacak.<\/p>\n","protected":false},"excerpt":{"rendered":"<p>Sosyal G\u00fcvenlik Kurumu, Emekli Sand\u0131\u011f\u0131 ve Ba\u011fkur kapsam\u0131nda \u00e7al\u0131\u015fmayan emeklilere 5 bin lira \u00f6demesine yar\u0131ndan itibaren&#46;&#46;&#46;<\/p>\n","protected":false},"author":2,"featured_media":10101,"comment_status":"open","ping_status":"open","sticky":false,"template":"","format":"standard","meta":{"inline_featured_image":false,"footnotes":""},"categories":[80],"tags":[3023,1013,118,131,107],"manset":[],"class_list":["post-10099","post","type-post","status-publish","format-standard","has-post-thumbnail","hentry","category-ekonomi-haberleri","tag-calismayan-emekliye-5-bin-lira-odeme-yarin-basliyor","tag-emekli","tag-sanliurfa","tag-son-dakika","tag-ub"],"_links":{"self":[{"href":"https:\/\/www.urfabugun.com\/index.php\/wp-json\/wp\/v2\/posts\/10099","targetHints":{"allow":["GET"]}}],"collection":[{"href":"https:\/\/www.urfabugun.com\/index.php\/wp-json\/wp\/v2\/posts"}],"about":[{"href":"https:\/\/www.urfabugun.com\/index.php\/wp-json\/wp\/v2\/types\/post"}],"author":[{"embeddable":true,"href":"https:\/\/www.urfabugun.com\/index.php\/wp-json\/wp\/v2\/users\/2"}],"replies":[{"embeddable":true,"href":"https:\/\/www.urfabugun.com\/index.php\/wp-json\/wp\/v2\/comments?post=10099"}],"version-history":[{"count":0,"href":"https:\/\/www.urfabugun.com\/index.php\/wp-json\/wp\/v2\/posts\/10099\/revisions"}],"wp:featuredmedia":[{"embeddable":true,"href":"https:\/\/www.urfabugun.com\/index.php\/wp-json\/wp\/v2\/media\/10101"}],"wp:attachment":[{"href":"https:\/\/www.urfabugun.com\/index.php\/wp-json\/wp\/v2\/media?parent=10099"}],"wp:term":[{"taxonomy":"category","embeddable":true,"href":"https:\/\/www.urfabugun.com\/index.php\/wp-json\/wp\/v2\/categories?post=10099"},{"taxonomy":"post_tag","embeddable":true,"href":"https:\/\/www.urfabugun.com\/index.php\/wp-json\/wp\/v2\/tags?post=10099"},{"taxonomy":"manset","embeddable":true,"href":"https:\/\/www.urfabugun.com\/index.php\/wp-json\/wp\/v2\/manset?post=10099"}],"curies":[{"name":"wp","href":"https:\/\/api.w.org\/{rel}","templated":true}]}}