{"id":10327,"date":"2023-12-02T19:49:06","date_gmt":"2023-12-02T16:49:06","guid":{"rendered":"https:\/\/www.urfabugun.com\/?p=10327"},"modified":"2023-12-02T19:49:12","modified_gmt":"2023-12-02T16:49:12","slug":"sanliurfada-3-hirsizlik-suphelisi-yakalandi","status":"publish","type":"post","link":"https:\/\/www.urfabugun.com\/index.php\/2023\/12\/02\/sanliurfada-3-hirsizlik-suphelisi-yakalandi\/","title":{"rendered":"\u015eanl\u0131urfa&#8217;da 3 H\u0131rs\u0131zl\u0131k \u015e\u00fcphelisi Yakaland\u0131!"},"content":{"rendered":"\n<p><\/p>\n\n\n\n<p><strong>\u015eanl\u0131urfa&#8217;da h\u0131rs\u0131zl\u0131k yapt\u0131klar\u0131 iddias\u0131yla 3 \u015f\u00fcpheli g\u00f6zalt\u0131na al\u0131nd\u0131.<\/strong><\/p>\n\n\n\n<p>\u0130l Jandarma Komutanl\u0131\u011f\u0131nca faili me\u00e7hul h\u0131rs\u0131zl\u0131k olaylar\u0131n\u0131n ayd\u0131nlat\u0131lmas\u0131na y\u00f6nelik \u00e7al\u0131\u015fma ba\u015flat\u0131ld\u0131.<\/p>\n\n\n\n<p>Baz istasyonundan h\u0131rs\u0131zl\u0131k olay\u0131n\u0131n \u015f\u00fcphelileri A.O, M.C.K. ve M.M. oldu\u011funu tespit eden JASAT ekipleri, zanl\u0131lar\u0131 Hilvan il\u00e7esinde ger\u00e7ekle\u015ftirdi\u011fi operasyonla yakalad\u0131.<\/p>\n\n\n\n<p>Olaylarda \u00e7al\u0131nan 1 jenerat\u00f6r ve 2 klima d\u0131\u015f \u00fcnitesi ele ge\u00e7irildi.<\/p>\n","protected":false},"excerpt":{"rendered":"<p>\u015eanl\u0131urfa&#8217;da h\u0131rs\u0131zl\u0131k yapt\u0131klar\u0131 iddias\u0131yla 3 \u015f\u00fcpheli g\u00f6zalt\u0131na al\u0131nd\u0131. \u0130l Jandarma Komutanl\u0131\u011f\u0131nca faili me\u00e7hul h\u0131rs\u0131zl\u0131k olaylar\u0131n\u0131n ayd\u0131nlat\u0131lmas\u0131na&#46;&#46;&#46;<\/p>\n","protected":false},"author":2,"featured_media":10329,"comment_status":"open","ping_status":"open","sticky":false,"template":"","format":"standard","meta":{"inline_featured_image":false,"footnotes":""},"categories":[75],"tags":[3093,131,107],"manset":[],"class_list":["post-10327","post","type-post","status-publish","format-standard","has-post-thumbnail","hentry","category-asayis-haberleri","tag-sanliurfada-3-hirsizlik-suphelisi-yakalandi","tag-son-dakika","tag-ub"],"_links":{"self":[{"href":"https:\/\/www.urfabugun.com\/index.php\/wp-json\/wp\/v2\/posts\/10327","targetHints":{"allow":["GET"]}}],"collection":[{"href":"https:\/\/www.urfabugun.com\/index.php\/wp-json\/wp\/v2\/posts"}],"about":[{"href":"https:\/\/www.urfabugun.com\/index.php\/wp-json\/wp\/v2\/types\/post"}],"author":[{"embeddable":true,"href":"https:\/\/www.urfabugun.com\/index.php\/wp-json\/wp\/v2\/users\/2"}],"replies":[{"embeddable":true,"href":"https:\/\/www.urfabugun.com\/index.php\/wp-json\/wp\/v2\/comments?post=10327"}],"version-history":[{"count":0,"href":"https:\/\/www.urfabugun.com\/index.php\/wp-json\/wp\/v2\/posts\/10327\/revisions"}],"wp:featuredmedia":[{"embeddable":true,"href":"https:\/\/www.urfabugun.com\/index.php\/wp-json\/wp\/v2\/media\/10329"}],"wp:attachment":[{"href":"https:\/\/www.urfabugun.com\/index.php\/wp-json\/wp\/v2\/media?parent=10327"}],"wp:term":[{"taxonomy":"category","embeddable":true,"href":"https:\/\/www.urfabugun.com\/index.php\/wp-json\/wp\/v2\/categories?post=10327"},{"taxonomy":"post_tag","embeddable":true,"href":"https:\/\/www.urfabugun.com\/index.php\/wp-json\/wp\/v2\/tags?post=10327"},{"taxonomy":"manset","embeddable":true,"href":"https:\/\/www.urfabugun.com\/index.php\/wp-json\/wp\/v2\/manset?post=10327"}],"curies":[{"name":"wp","href":"https:\/\/api.w.org\/{rel}","templated":true}]}}