{"id":10391,"date":"2023-12-06T13:51:31","date_gmt":"2023-12-06T10:51:31","guid":{"rendered":"https:\/\/www.urfabugun.com\/?p=10391"},"modified":"2023-12-06T13:51:38","modified_gmt":"2023-12-06T10:51:38","slug":"okullardaki-sinif-annesi-uygulamasi-kaldirildi","status":"publish","type":"post","link":"https:\/\/www.urfabugun.com\/index.php\/2023\/12\/06\/okullardaki-sinif-annesi-uygulamasi-kaldirildi\/","title":{"rendered":"Okullardaki &#8220;S\u0131n\u0131f Annesi&#8221; Uygulamas\u0131 Kald\u0131r\u0131ld\u0131!"},"content":{"rendered":"\n<p><strong>\u00d6\u011fretmen ile veliler aras\u0131ndaki ileti\u015fimi kurmak i\u00e7in g\u00f6n\u00fcll\u00fc olarak g\u00f6rev yapan ancak zaman zaman tart\u0131\u015fmalara neden olan &#8220;s\u0131n\u0131f annesi&#8221; uygulamas\u0131 kald\u0131r\u0131ld\u0131.<\/strong><\/p>\n\n\n\n<p>Milli&nbsp;E\u011fitim&nbsp;Bakanl\u0131\u011f\u0131, valiliklere,&nbsp;MEB&nbsp;Temel E\u011fitim Genel M\u00fcd\u00fcr\u00fc Zarife Se\u00e7er taraf\u0131ndan g\u00f6nderilen &#8220;Mevzuatta yer olmayan uygulamalar hakk\u0131nda (S\u0131n\u0131f annesi)&#8221; konulu yaz\u0131da, bu ki\u015filerin s\u0131n\u0131flarda \u00e7e\u015fitli faaliyetlerde bulunarak velilerden aidat toplad\u0131klar\u0131na, ders ara\u00e7-gereci temini y\u00f6n\u00fcnde faaliyette bulunduklar\u0131na, zaman zaman derslere m\u00fcdahil olduklar\u0131na ve \u00f6\u011frencilerin g\u00f6r\u00fcnt\u00fclerini kaydettiklerine dikkat \u00e7ekildi.&nbsp;<\/p>\n\n\n\n<p>\u00d6\u011fretmen&nbsp;d\u0131\u015f\u0131ndaki ki\u015filerin e\u011fitim ortamlar\u0131na m\u00fcdahalesinin e\u011fitimin niteli\u011fini bozdu\u011fu ve pedagojik ilkelere ayk\u0131r\u0131 durumlar olu\u015fturdu\u011fu kaydedilen yaz\u0131da &#8220;Valili\u011finizde okullarda s\u0131n\u0131f annesi ve benzeri adlar alt\u0131nda mevzuatta yer almayan uygulamalara mahal verilmemesi, bu konuda okullar\u0131n uyar\u0131lmas\u0131 ve gerekli tedbirlerin al\u0131nmas\u0131n\u0131 hususunda gere\u011fini rica ederim.&#8221; ifadelerine yer verildi.<\/p>\n\n\n\n<p><\/p>\n\n\n\n<p>\u00d6\u011fretmen ile veliler aras\u0131ndaki ileti\u015fimi kurmak i\u00e7in g\u00f6n\u00fcll\u00fc olarak g\u00f6rev yapan ancak zaman zaman tart\u0131\u015fmalara neden olan &#8220;s\u0131n\u0131f annesi&#8221; uygulamas\u0131 kald\u0131r\u0131ld\u0131.<\/p>\n\n\n\n<p>Milli&nbsp;E\u011fitim&nbsp;Bakanl\u0131\u011f\u0131, valiliklere,&nbsp;MEB&nbsp;Temel E\u011fitim Genel M\u00fcd\u00fcr\u00fc Zarife Se\u00e7er taraf\u0131ndan g\u00f6nderilen &#8220;Mevzuatta yer olmayan uygulamalar hakk\u0131nda (S\u0131n\u0131f annesi)&#8221; konulu yaz\u0131da, bu ki\u015filerin s\u0131n\u0131flarda \u00e7e\u015fitli faaliyetlerde bulunarak velilerden aidat toplad\u0131klar\u0131na, ders ara\u00e7-gereci temini y\u00f6n\u00fcnde faaliyette bulunduklar\u0131na, zaman zaman derslere m\u00fcdahil olduklar\u0131na ve \u00f6\u011frencilerin g\u00f6r\u00fcnt\u00fclerini kaydettiklerine dikkat \u00e7ekildi.&nbsp;<\/p>\n\n\n\n<p>\u00d6\u011fretmen&nbsp;d\u0131\u015f\u0131ndaki ki\u015filerin e\u011fitim ortamlar\u0131na m\u00fcdahalesinin e\u011fitimin niteli\u011fini bozdu\u011fu ve pedagojik ilkelere ayk\u0131r\u0131 durumlar olu\u015fturdu\u011fu kaydedilen yaz\u0131da &#8220;Valili\u011finizde okullarda s\u0131n\u0131f annesi ve benzeri adlar alt\u0131nda mevzuatta yer almayan uygulamalara mahal verilmemesi, bu konuda okullar\u0131n uyar\u0131lmas\u0131 ve gerekli tedbirlerin al\u0131nmas\u0131n\u0131 hususunda gere\u011fini rica ederim.&#8221; ifadelerine yer verildi.<\/p>\n","protected":false},"excerpt":{"rendered":"<p>\u00d6\u011fretmen ile veliler aras\u0131ndaki ileti\u015fimi kurmak i\u00e7in g\u00f6n\u00fcll\u00fc olarak g\u00f6rev yapan ancak zaman zaman tart\u0131\u015fmalara neden&#46;&#46;&#46;<\/p>\n","protected":false},"author":2,"featured_media":10393,"comment_status":"open","ping_status":"open","sticky":false,"template":"","format":"standard","meta":{"inline_featured_image":false,"footnotes":""},"categories":[79],"tags":[1035,3107,131,107],"manset":[],"class_list":["post-10391","post","type-post","status-publish","format-standard","has-post-thumbnail","hentry","category-egitim-haberleri","tag-meb","tag-okullardaki-sinif-annesi-uygulamasi-kaldirildi","tag-son-dakika","tag-ub"],"_links":{"self":[{"href":"https:\/\/www.urfabugun.com\/index.php\/wp-json\/wp\/v2\/posts\/10391","targetHints":{"allow":["GET"]}}],"collection":[{"href":"https:\/\/www.urfabugun.com\/index.php\/wp-json\/wp\/v2\/posts"}],"about":[{"href":"https:\/\/www.urfabugun.com\/index.php\/wp-json\/wp\/v2\/types\/post"}],"author":[{"embeddable":true,"href":"https:\/\/www.urfabugun.com\/index.php\/wp-json\/wp\/v2\/users\/2"}],"replies":[{"embeddable":true,"href":"https:\/\/www.urfabugun.com\/index.php\/wp-json\/wp\/v2\/comments?post=10391"}],"version-history":[{"count":0,"href":"https:\/\/www.urfabugun.com\/index.php\/wp-json\/wp\/v2\/posts\/10391\/revisions"}],"wp:featuredmedia":[{"embeddable":true,"href":"https:\/\/www.urfabugun.com\/index.php\/wp-json\/wp\/v2\/media\/10393"}],"wp:attachment":[{"href":"https:\/\/www.urfabugun.com\/index.php\/wp-json\/wp\/v2\/media?parent=10391"}],"wp:term":[{"taxonomy":"category","embeddable":true,"href":"https:\/\/www.urfabugun.com\/index.php\/wp-json\/wp\/v2\/categories?post=10391"},{"taxonomy":"post_tag","embeddable":true,"href":"https:\/\/www.urfabugun.com\/index.php\/wp-json\/wp\/v2\/tags?post=10391"},{"taxonomy":"manset","embeddable":true,"href":"https:\/\/www.urfabugun.com\/index.php\/wp-json\/wp\/v2\/manset?post=10391"}],"curies":[{"name":"wp","href":"https:\/\/api.w.org\/{rel}","templated":true}]}}