{"id":10403,"date":"2023-12-06T14:23:33","date_gmt":"2023-12-06T11:23:33","guid":{"rendered":"https:\/\/www.urfabugun.com\/?p=10403"},"modified":"2023-12-06T14:23:40","modified_gmt":"2023-12-06T11:23:40","slug":"cumhurbaskani-erdogan-enflasyonun-dususu-icin-tarih-verdi","status":"publish","type":"post","link":"https:\/\/www.urfabugun.com\/index.php\/2023\/12\/06\/cumhurbaskani-erdogan-enflasyonun-dususu-icin-tarih-verdi\/","title":{"rendered":"Cumhurba\u015fkan\u0131 Erdo\u011fan Enflasyonun D\u00fc\u015f\u00fc\u015f\u00fc \u0130\u00e7in Tarih Verdi!"},"content":{"rendered":"\n<p><\/p>\n\n\n\n<p><strong>Katar d\u00f6n\u00fc\u015f\u00fc u\u00e7akta gazetecilerin g\u00fcndeme ili\u015fkin sorular\u0131na yan\u0131t veren Cumhurba\u015fkan\u0131 Erdo\u011fan, fahi\u015f fiyat ve enflasyona y\u00f6nelik de\u011ferlendirmelerde bulundu.<\/strong><\/p>\n\n\n\n<p>Cumhurba\u015fkan\u0131 Erdo\u011fan, Katar d\u00f6n\u00fc\u015f\u00fc u\u00e7akta gazetecilerin sorular\u0131na yan\u0131t verdi. Fahi\u015f fiyat ve enflasyona y\u00f6nelik de\u011ferlendirmelerde bulunan Erdo\u011fan, &#8220;Baz etkisiyle Haziran ay\u0131na kadar y\u0131ll\u0131k enflasyon y\u00fcksek kalacak. Haziran sonras\u0131 \u00e7ok h\u0131zl\u0131 bir \u015fekilde d\u00fc\u015fecek&#8221; a\u00e7\u0131klamas\u0131nda bulundu.<\/p>\n","protected":false},"excerpt":{"rendered":"<p>Katar d\u00f6n\u00fc\u015f\u00fc u\u00e7akta gazetecilerin g\u00fcndeme ili\u015fkin sorular\u0131na yan\u0131t veren Cumhurba\u015fkan\u0131 Erdo\u011fan, fahi\u015f fiyat ve enflasyona y\u00f6nelik&#46;&#46;&#46;<\/p>\n","protected":false},"author":2,"featured_media":10405,"comment_status":"open","ping_status":"open","sticky":false,"template":"","format":"standard","meta":{"inline_featured_image":false,"footnotes":""},"categories":[82],"tags":[3109,162,131,107],"manset":[],"class_list":["post-10403","post","type-post","status-publish","format-standard","has-post-thumbnail","hentry","category-gundem-haberleri","tag-cumhurbaskani-erdogan-enflasyonun-dususu-icin-tarih-verdi","tag-enflasyon","tag-son-dakika","tag-ub"],"_links":{"self":[{"href":"https:\/\/www.urfabugun.com\/index.php\/wp-json\/wp\/v2\/posts\/10403","targetHints":{"allow":["GET"]}}],"collection":[{"href":"https:\/\/www.urfabugun.com\/index.php\/wp-json\/wp\/v2\/posts"}],"about":[{"href":"https:\/\/www.urfabugun.com\/index.php\/wp-json\/wp\/v2\/types\/post"}],"author":[{"embeddable":true,"href":"https:\/\/www.urfabugun.com\/index.php\/wp-json\/wp\/v2\/users\/2"}],"replies":[{"embeddable":true,"href":"https:\/\/www.urfabugun.com\/index.php\/wp-json\/wp\/v2\/comments?post=10403"}],"version-history":[{"count":0,"href":"https:\/\/www.urfabugun.com\/index.php\/wp-json\/wp\/v2\/posts\/10403\/revisions"}],"wp:featuredmedia":[{"embeddable":true,"href":"https:\/\/www.urfabugun.com\/index.php\/wp-json\/wp\/v2\/media\/10405"}],"wp:attachment":[{"href":"https:\/\/www.urfabugun.com\/index.php\/wp-json\/wp\/v2\/media?parent=10403"}],"wp:term":[{"taxonomy":"category","embeddable":true,"href":"https:\/\/www.urfabugun.com\/index.php\/wp-json\/wp\/v2\/categories?post=10403"},{"taxonomy":"post_tag","embeddable":true,"href":"https:\/\/www.urfabugun.com\/index.php\/wp-json\/wp\/v2\/tags?post=10403"},{"taxonomy":"manset","embeddable":true,"href":"https:\/\/www.urfabugun.com\/index.php\/wp-json\/wp\/v2\/manset?post=10403"}],"curies":[{"name":"wp","href":"https:\/\/api.w.org\/{rel}","templated":true}]}}