{"id":10518,"date":"2023-12-19T16:52:19","date_gmt":"2023-12-19T13:52:19","guid":{"rendered":"https:\/\/www.urfabugun.com\/?p=10518"},"modified":"2023-12-19T16:52:25","modified_gmt":"2023-12-19T13:52:25","slug":"harran-universitesinde-bagimlilikla-mucadele-paneli-duzenlendi","status":"publish","type":"post","link":"https:\/\/www.urfabugun.com\/index.php\/2023\/12\/19\/harran-universitesinde-bagimlilikla-mucadele-paneli-duzenlendi\/","title":{"rendered":"Harran \u00dcniversitesi&#8217;nde Ba\u011f\u0131ml\u0131l\u0131kla M\u00fccadele Paneli D\u00fczenlendi!"},"content":{"rendered":"\n<p><\/p>\n\n\n\n<p><strong>\u015eanl\u0131urfa&#8217;da Harran \u00dcniversitesi Ba\u011f\u0131ml\u0131l\u0131kla M\u00fccadele Komisyonu taraf\u0131ndan personel ve \u00f6\u011frencilere &#8220;Ba\u011f\u0131ml\u0131 Olma Ba\u011f\u0131ms\u0131z Ol&#8221; konulu panel d\u00fczenlendi.<\/strong><\/p>\n\n\n\n<p>\u00dcniversiteden yap\u0131lan a\u00e7\u0131klamaya g\u00f6re, Fen-Edebiyat Fak\u00fcltesi Konferans salonunda yap\u0131lan programda konu\u015fan Rekt\u00f6r Yard\u0131mc\u0131s\u0131 Prof. Dr. Abdulcenap Cevheri, madde ba\u011f\u0131ml\u0131\u011f\u0131n\u0131n d\u00fcnyada gittik\u00e7e artt\u0131\u011f\u0131n\u0131 belirtti.<\/p>\n\n\n\n\n\n<p>Devletin ba\u011f\u0131ml\u0131l\u0131kla ba\u015far\u0131yla m\u00fccadele etti\u011fini aktaran Cehveri, &#8220;Bunlar\u0131n d\u0131\u015f\u0131nda di\u011fer b\u00fcy\u00fck ba\u011f\u0131ml\u0131l\u0131k teknoloji ba\u011f\u0131ml\u0131l\u0131\u011f\u0131d\u0131r. Zaman\u0131m\u0131z\u0131n b\u00fcy\u00fck bir k\u0131sm\u0131n\u0131 teknoloji ba\u011f\u0131ml\u0131l\u0131\u011f\u0131 almaktad\u0131r. Toplum ve devlet el ele vererek her t\u00fcrl\u00fc zararl\u0131 ba\u011f\u0131ml\u0131l\u0131klara kar\u015f\u0131 birlikte m\u00fccadele etmeliyiz.&#8221; ifadelerini kulland\u0131.<\/p>\n\n\n\n<p>Sunumlar\u0131n ard\u0131ndan program toplu foto\u011fraf \u00e7ekimiyle son buldu.<\/p>\n","protected":false},"excerpt":{"rendered":"<p>\u015eanl\u0131urfa&#8217;da Harran \u00dcniversitesi Ba\u011f\u0131ml\u0131l\u0131kla M\u00fccadele Komisyonu taraf\u0131ndan personel ve \u00f6\u011frencilere &#8220;Ba\u011f\u0131ml\u0131 Olma Ba\u011f\u0131ms\u0131z Ol&#8221; konulu panel&#46;&#46;&#46;<\/p>\n","protected":false},"author":2,"featured_media":10520,"comment_status":"open","ping_status":"open","sticky":false,"template":"","format":"standard","meta":{"inline_featured_image":false,"footnotes":""},"categories":[82],"tags":[3136,118,131,107],"manset":[],"class_list":["post-10518","post","type-post","status-publish","format-standard","has-post-thumbnail","hentry","category-gundem-haberleri","tag-harran-universitesinde-bagimlilikla-mucadele-paneli-duzenlendi","tag-sanliurfa","tag-son-dakika","tag-ub"],"_links":{"self":[{"href":"https:\/\/www.urfabugun.com\/index.php\/wp-json\/wp\/v2\/posts\/10518","targetHints":{"allow":["GET"]}}],"collection":[{"href":"https:\/\/www.urfabugun.com\/index.php\/wp-json\/wp\/v2\/posts"}],"about":[{"href":"https:\/\/www.urfabugun.com\/index.php\/wp-json\/wp\/v2\/types\/post"}],"author":[{"embeddable":true,"href":"https:\/\/www.urfabugun.com\/index.php\/wp-json\/wp\/v2\/users\/2"}],"replies":[{"embeddable":true,"href":"https:\/\/www.urfabugun.com\/index.php\/wp-json\/wp\/v2\/comments?post=10518"}],"version-history":[{"count":0,"href":"https:\/\/www.urfabugun.com\/index.php\/wp-json\/wp\/v2\/posts\/10518\/revisions"}],"wp:featuredmedia":[{"embeddable":true,"href":"https:\/\/www.urfabugun.com\/index.php\/wp-json\/wp\/v2\/media\/10520"}],"wp:attachment":[{"href":"https:\/\/www.urfabugun.com\/index.php\/wp-json\/wp\/v2\/media?parent=10518"}],"wp:term":[{"taxonomy":"category","embeddable":true,"href":"https:\/\/www.urfabugun.com\/index.php\/wp-json\/wp\/v2\/categories?post=10518"},{"taxonomy":"post_tag","embeddable":true,"href":"https:\/\/www.urfabugun.com\/index.php\/wp-json\/wp\/v2\/tags?post=10518"},{"taxonomy":"manset","embeddable":true,"href":"https:\/\/www.urfabugun.com\/index.php\/wp-json\/wp\/v2\/manset?post=10518"}],"curies":[{"name":"wp","href":"https:\/\/api.w.org\/{rel}","templated":true}]}}