{"id":10539,"date":"2023-12-22T17:36:32","date_gmt":"2023-12-22T14:36:32","guid":{"rendered":"https:\/\/www.urfabugun.com\/?p=10539"},"modified":"2023-12-22T17:36:39","modified_gmt":"2023-12-22T14:36:39","slug":"sanliurfada-ogretmenleri-tasiyan-servis-araci-devrildi-9-kisi-yaralandi","status":"publish","type":"post","link":"https:\/\/www.urfabugun.com\/index.php\/2023\/12\/22\/sanliurfada-ogretmenleri-tasiyan-servis-araci-devrildi-9-kisi-yaralandi\/","title":{"rendered":"\u015eanl\u0131urfa&#8217;da \u00d6\u011fretmenleri Ta\u015f\u0131yan Servis Arac\u0131 Devrildi, 9 Ki\u015fi Yaraland\u0131!"},"content":{"rendered":"\n<p><\/p>\n\n\n\n<p><strong>\u015eanl\u0131urfa&#8217;n\u0131n Siverek il\u00e7esinde, \u00f6\u011fretmenleri ta\u015f\u0131yan servis minib\u00fcs\u00fcn\u00fcn devrilmesi sonucu ilk belirlemelere g\u00f6re 9 ki\u015fi yaraland\u0131.<\/strong><\/p>\n\n\n\n<p>\u00c7evirme \u0130mam Hatip Ortaokulu&#8217;nda g\u00f6revli \u00f6\u011fretmenleri ta\u015f\u0131yan Ali \u0130hsan K. y\u00f6netimindeki 21 S 0669 plakal\u0131 servis minib\u00fcs\u00fc, sisin etkili oldu\u011fu \u00c7evirme Mahallesi ile Siverek sapa\u011f\u0131 aras\u0131nda devrildi. \u00c7evredekilerin ihbar\u0131 \u00fczerine b\u00f6lgeye sa\u011fl\u0131k ve g\u00fcvenlik ekipleri y\u00f6nlendirildi.<\/p>\n\n\n\n<p>Kazada, ilk belirlemelere yaralanan 9 ki\u015fi Diyarbak\u0131r&#8217;daki hastanelere kald\u0131r\u0131ld\u0131.<\/p>\n","protected":false},"excerpt":{"rendered":"<p>\u015eanl\u0131urfa&#8217;n\u0131n Siverek il\u00e7esinde, \u00f6\u011fretmenleri ta\u015f\u0131yan servis minib\u00fcs\u00fcn\u00fcn devrilmesi sonucu ilk belirlemelere g\u00f6re 9 ki\u015fi yaraland\u0131. \u00c7evirme&#46;&#46;&#46;<\/p>\n","protected":false},"author":2,"featured_media":10541,"comment_status":"open","ping_status":"open","sticky":false,"template":"","format":"standard","meta":{"inline_featured_image":false,"footnotes":""},"categories":[75],"tags":[3143,184,3142,335,131,107],"manset":[],"class_list":["post-10539","post","type-post","status-publish","format-standard","has-post-thumbnail","hentry","category-asayis-haberleri","tag-9-kisi-yaralandi","tag-asayis","tag-sanliurfada-ogretmenleri-tasiyan-servis-araci-devrildi","tag-siverek","tag-son-dakika","tag-ub"],"_links":{"self":[{"href":"https:\/\/www.urfabugun.com\/index.php\/wp-json\/wp\/v2\/posts\/10539","targetHints":{"allow":["GET"]}}],"collection":[{"href":"https:\/\/www.urfabugun.com\/index.php\/wp-json\/wp\/v2\/posts"}],"about":[{"href":"https:\/\/www.urfabugun.com\/index.php\/wp-json\/wp\/v2\/types\/post"}],"author":[{"embeddable":true,"href":"https:\/\/www.urfabugun.com\/index.php\/wp-json\/wp\/v2\/users\/2"}],"replies":[{"embeddable":true,"href":"https:\/\/www.urfabugun.com\/index.php\/wp-json\/wp\/v2\/comments?post=10539"}],"version-history":[{"count":0,"href":"https:\/\/www.urfabugun.com\/index.php\/wp-json\/wp\/v2\/posts\/10539\/revisions"}],"wp:featuredmedia":[{"embeddable":true,"href":"https:\/\/www.urfabugun.com\/index.php\/wp-json\/wp\/v2\/media\/10541"}],"wp:attachment":[{"href":"https:\/\/www.urfabugun.com\/index.php\/wp-json\/wp\/v2\/media?parent=10539"}],"wp:term":[{"taxonomy":"category","embeddable":true,"href":"https:\/\/www.urfabugun.com\/index.php\/wp-json\/wp\/v2\/categories?post=10539"},{"taxonomy":"post_tag","embeddable":true,"href":"https:\/\/www.urfabugun.com\/index.php\/wp-json\/wp\/v2\/tags?post=10539"},{"taxonomy":"manset","embeddable":true,"href":"https:\/\/www.urfabugun.com\/index.php\/wp-json\/wp\/v2\/manset?post=10539"}],"curies":[{"name":"wp","href":"https:\/\/api.w.org\/{rel}","templated":true}]}}