{"id":10543,"date":"2023-12-22T17:50:42","date_gmt":"2023-12-22T14:50:42","guid":{"rendered":"https:\/\/www.urfabugun.com\/?p=10543"},"modified":"2023-12-22T17:50:50","modified_gmt":"2023-12-22T14:50:50","slug":"fenerbahce-galatasaray-macinin-hakemi-belli-oldu","status":"publish","type":"post","link":"https:\/\/www.urfabugun.com\/index.php\/2023\/12\/22\/fenerbahce-galatasaray-macinin-hakemi-belli-oldu\/","title":{"rendered":"Fenerbah\u00e7e-Galatasaray Ma\u00e7\u0131n\u0131n Hakemi Belli Oldu!"},"content":{"rendered":"\n<p><\/p>\n\n\n\n<p><strong>Trendyol S\u00fcper Lig&#8217;in 18. haftas\u0131nda 24 Aral\u0131k Pazar g\u00fcn\u00fc yap\u0131lacak Fenerbah\u00e7e-Galatasaray derbisini hakem Arda Karde\u015fler y\u00f6netecek.<\/strong><\/p>\n\n\n\n<p>Fenerbah\u00e7e ile Galatasaray \u00dclker Stadyumu\u2019nda kar\u015f\u0131la\u015facak. Bu \u00f6nemli m\u00fcsabakay\u0131 hakem Arda Karde\u015fler y\u00f6netecek.<\/p>\n\n\n\n<p>Karde\u015fler&#8217;in yard\u0131mc\u0131l\u0131klar\u0131n\u0131 Mehmet Emin Tu\u011fral ile S\u00fcleyman \u00d6zay yapacak. Ma\u00e7\u0131n d\u00f6rd\u00fcnc\u00fc hakemi Cihan Ayd\u0131n olacak.<\/p>\n\n\n\n<p><strong>KAR\u0130YER\u0130NDE 1 KEZ DERB\u0130 Y\u00d6NETT\u0130<\/strong><\/p>\n\n\n\n<p>Bursa b\u00f6lgesi hakemi olan Arda Karde\u015fler, bu ma\u00e7la birlikte kariyerinde ilk kez Fenerbah\u00e7e-Galatasaray derbisinde g\u00f6rev alacak.<\/p>\n\n\n\n<p>Karde\u015fler daha \u00f6nce 8 May\u0131s 2022 tarihinde Be\u015fikta\u015f ile Fenerbah\u00e7e aras\u0131nda Dolmabah\u00e7e&#8217;de oynanan derbiyi y\u00f6netti. Bu m\u00fccadele 1-1 berabere sona erdi.<\/p>\n\n\n\n<p>T\u00fcrkiye Futbol Federasyonu (TFF) Merkez Hakem Kurulundan (MHK) yap\u0131lan a\u00e7\u0131klamaya g\u00f6re, m\u00fcsabakalarda g\u00f6rev alacak hakemler \u015f\u00f6yle:<\/p>\n\n\n\n<p><strong>23 ARALIK CUMARTES\u0130<\/strong><\/p>\n\n\n\n<p>13.30 EMS Yap\u0131 Sivasspor-\u0130stanbulspor: Mert G\u00fczenge<\/p>\n\n\n\n<p>16.00 VavaCars Fatih Karag\u00fcmr\u00fck-Gaziantep FK: Ali \u015eansalan<\/p>\n\n\n\n<p>19.00 Trabzonspor-RAMS Ba\u015fak\u015fehir: Volkan Bayarslan<\/p>\n\n\n\n<p><strong>24 ARALIK PAZAR<\/strong><\/p>\n\n\n\n<p>13.30 T\u00dcMOSAN Konyaspor-Mondihome Kayserispor: Bahattin \u015eim\u015fek<\/p>\n\n\n\n<p>16.00 Yukatel Adana Demirspor-Bitexen Antalyaspor: Burak Pakkan<\/p>\n\n\n\n<p>19.00 Fenerbah\u00e7e-Galatasaray: Arda Karde\u015fler<\/p>\n\n\n\n<p><strong>25 ARALIK PAZARTES\u0130<\/strong><\/p>\n\n\n\n<p>17.00 Kas\u0131mpa\u015fa-\u00c7aykur Rizespor: Turgut Doman<\/p>\n\n\n\n<p>17.00 Corendon Alanyaspor-Y\u0131lport Samsunspor: Tugay Kaan Numano\u011flu<\/p>\n\n\n\n<p>20.00 Ataka\u015f Hatayspor-Be\u015fikta\u015f: Kadir Sa\u011flam<\/p>\n\n\n\n<p>20.00 Silta\u015f Yap\u0131 Pendikspor-MKE Ankarag\u00fcc\u00fc: \u00dcmit \u00d6zt\u00fcrk<\/p>\n","protected":false},"excerpt":{"rendered":"<p>Trendyol S\u00fcper Lig&#8217;in 18. haftas\u0131nda 24 Aral\u0131k Pazar g\u00fcn\u00fc yap\u0131lacak Fenerbah\u00e7e-Galatasaray derbisini hakem Arda Karde\u015fler y\u00f6netecek.&#46;&#46;&#46;<\/p>\n","protected":false},"author":2,"featured_media":10545,"comment_status":"open","ping_status":"open","sticky":false,"template":"","format":"standard","meta":{"inline_featured_image":false,"footnotes":""},"categories":[88],"tags":[3146,661,3144,132,698,107,93],"manset":[],"class_list":["post-10543","post","type-post","status-publish","format-standard","has-post-thumbnail","hentry","category-spor-haberleri","tag-arda-kardesler","tag-fenerbahce","tag-fenerbahce-galatasaray-macinin-hakemi-belli-oldu","tag-galatasaray","tag-super-lig-2","tag-ub","tag-ust"],"_links":{"self":[{"href":"https:\/\/www.urfabugun.com\/index.php\/wp-json\/wp\/v2\/posts\/10543","targetHints":{"allow":["GET"]}}],"collection":[{"href":"https:\/\/www.urfabugun.com\/index.php\/wp-json\/wp\/v2\/posts"}],"about":[{"href":"https:\/\/www.urfabugun.com\/index.php\/wp-json\/wp\/v2\/types\/post"}],"author":[{"embeddable":true,"href":"https:\/\/www.urfabugun.com\/index.php\/wp-json\/wp\/v2\/users\/2"}],"replies":[{"embeddable":true,"href":"https:\/\/www.urfabugun.com\/index.php\/wp-json\/wp\/v2\/comments?post=10543"}],"version-history":[{"count":0,"href":"https:\/\/www.urfabugun.com\/index.php\/wp-json\/wp\/v2\/posts\/10543\/revisions"}],"wp:featuredmedia":[{"embeddable":true,"href":"https:\/\/www.urfabugun.com\/index.php\/wp-json\/wp\/v2\/media\/10545"}],"wp:attachment":[{"href":"https:\/\/www.urfabugun.com\/index.php\/wp-json\/wp\/v2\/media?parent=10543"}],"wp:term":[{"taxonomy":"category","embeddable":true,"href":"https:\/\/www.urfabugun.com\/index.php\/wp-json\/wp\/v2\/categories?post=10543"},{"taxonomy":"post_tag","embeddable":true,"href":"https:\/\/www.urfabugun.com\/index.php\/wp-json\/wp\/v2\/tags?post=10543"},{"taxonomy":"manset","embeddable":true,"href":"https:\/\/www.urfabugun.com\/index.php\/wp-json\/wp\/v2\/manset?post=10543"}],"curies":[{"name":"wp","href":"https:\/\/api.w.org\/{rel}","templated":true}]}}