{"id":10547,"date":"2023-12-22T23:42:00","date_gmt":"2023-12-22T20:42:00","guid":{"rendered":"https:\/\/www.urfabugun.com\/?p=10547"},"modified":"2023-12-22T23:42:08","modified_gmt":"2023-12-22T20:42:08","slug":"irakin-kuzeyinde-3-asker-sehit-oldu-4-asker-yaralandi","status":"publish","type":"post","link":"https:\/\/www.urfabugun.com\/index.php\/2023\/12\/22\/irakin-kuzeyinde-3-asker-sehit-oldu-4-asker-yaralandi\/","title":{"rendered":"Irak&#8217;\u0131n Kuzeyinde 3 Asker \u015eehit Oldu, 4 Asker Yaraland\u0131!"},"content":{"rendered":"\n<p><\/p>\n\n\n\n<p><strong>Milli Savunma Bakanl\u0131\u011f\u0131, Irak\u2019\u0131n kuzeyinde, b\u00f6l\u00fcc\u00fc ter\u00f6r \u00f6rg\u00fct\u00fc mensuplar\u0131 taraf\u0131ndan yap\u0131lan sald\u0131r\u0131da 3 askerin \u015fehit oldu\u011funu, 4 askerin de yaraland\u0131\u011f\u0131n\u0131 a\u00e7\u0131klad\u0131.<\/strong><\/p>\n\n\n\n<p>Milli Savunma Bakanl\u0131\u011f\u0131 (MSB), Irak&#8217;\u0131n kuzeyinde b\u00f6l\u00fcc\u00fc ter\u00f6r \u00f6rg\u00fct\u00fc taraf\u0131ndan yap\u0131lan sald\u0131r\u0131da 3 askerin \u015fehit oldu\u011funu, 4 askerin yaraland\u0131\u011f\u0131n\u0131 bildirdi.<\/p>\n\n\n\n<p>Bakanl\u0131ktan yap\u0131lan a\u00e7\u0131klamada \u015funlar kaydedildi:<\/p>\n\n\n\n<p>&#8220;Irak&#8217;\u0131n kuzeyinde bug\u00fcn b\u00f6l\u00fcc\u00fc ter\u00f6r \u00f6rg\u00fct\u00fc mensuplar\u0131 taraf\u0131ndan yap\u0131lan sald\u0131r\u0131 ve akabinde sa\u011flanan temasta 3 kahraman silah arkada\u015f\u0131m\u0131z \u015fehit olmu\u015f, 4 kahraman silah arkada\u015f\u0131m\u0131z yaralanm\u0131\u015ft\u0131r. B\u00f6lgede b\u00f6l\u00fcc\u00fc ter\u00f6r \u00f6rg\u00fct\u00fcne y\u00f6nelik operasyonlar kapsam\u0131nda temas devam etmektedir. Belirlenen hedeflere ve ter\u00f6ristlerin ka\u00e7\u0131\u015f istikametlerine ani hava harekatlar\u0131 d\u00fczenlenmi\u015ftir. \u0130lk belirlemelere g\u00f6re 4 ter\u00f6rist etkisiz hale getirilmi\u015ftir.&#8221;<\/p>\n\n\n\n<p>A\u00e7\u0131klamada, \u015fehitlere Allah&#8217;tan rahmet, \u015fehit aileleri, T\u00fcrk Silahl\u0131 Kuvvetleri ve T\u00fcrk milletine ba\u015fsa\u011fl\u0131\u011f\u0131, yaral\u0131 askerlere acil \u015fifa dile\u011finde bulunuldu.<\/p>\n","protected":false},"excerpt":{"rendered":"<p>Milli Savunma Bakanl\u0131\u011f\u0131, Irak\u2019\u0131n kuzeyinde, b\u00f6l\u00fcc\u00fc ter\u00f6r \u00f6rg\u00fct\u00fc mensuplar\u0131 taraf\u0131ndan yap\u0131lan sald\u0131r\u0131da 3 askerin \u015fehit oldu\u011funu,&#46;&#46;&#46;<\/p>\n","protected":false},"author":2,"featured_media":10549,"comment_status":"open","ping_status":"open","sticky":false,"template":"","format":"standard","meta":{"inline_featured_image":false,"footnotes":""},"categories":[90],"tags":[3148,3147,1045,118,164,131,146,107],"manset":[],"class_list":["post-10547","post","type-post","status-publish","format-standard","has-post-thumbnail","hentry","category-turkiye-haberleri","tag-4-asker-yaralandi","tag-irakin-kuzeyinde-3-asker-sehit-oldu","tag-msb","tag-sanliurfa","tag-sehit","tag-son-dakika","tag-turkiye","tag-ub"],"_links":{"self":[{"href":"https:\/\/www.urfabugun.com\/index.php\/wp-json\/wp\/v2\/posts\/10547","targetHints":{"allow":["GET"]}}],"collection":[{"href":"https:\/\/www.urfabugun.com\/index.php\/wp-json\/wp\/v2\/posts"}],"about":[{"href":"https:\/\/www.urfabugun.com\/index.php\/wp-json\/wp\/v2\/types\/post"}],"author":[{"embeddable":true,"href":"https:\/\/www.urfabugun.com\/index.php\/wp-json\/wp\/v2\/users\/2"}],"replies":[{"embeddable":true,"href":"https:\/\/www.urfabugun.com\/index.php\/wp-json\/wp\/v2\/comments?post=10547"}],"version-history":[{"count":0,"href":"https:\/\/www.urfabugun.com\/index.php\/wp-json\/wp\/v2\/posts\/10547\/revisions"}],"wp:featuredmedia":[{"embeddable":true,"href":"https:\/\/www.urfabugun.com\/index.php\/wp-json\/wp\/v2\/media\/10549"}],"wp:attachment":[{"href":"https:\/\/www.urfabugun.com\/index.php\/wp-json\/wp\/v2\/media?parent=10547"}],"wp:term":[{"taxonomy":"category","embeddable":true,"href":"https:\/\/www.urfabugun.com\/index.php\/wp-json\/wp\/v2\/categories?post=10547"},{"taxonomy":"post_tag","embeddable":true,"href":"https:\/\/www.urfabugun.com\/index.php\/wp-json\/wp\/v2\/tags?post=10547"},{"taxonomy":"manset","embeddable":true,"href":"https:\/\/www.urfabugun.com\/index.php\/wp-json\/wp\/v2\/manset?post=10547"}],"curies":[{"name":"wp","href":"https:\/\/api.w.org\/{rel}","templated":true}]}}