{"id":10589,"date":"2023-12-26T16:56:36","date_gmt":"2023-12-26T13:56:36","guid":{"rendered":"https:\/\/www.urfabugun.com\/?p=10589"},"modified":"2023-12-26T16:56:43","modified_gmt":"2023-12-26T13:56:43","slug":"yilin-son-kabine-toplantisinda-gundem-ekonomi","status":"publish","type":"post","link":"https:\/\/www.urfabugun.com\/index.php\/2023\/12\/26\/yilin-son-kabine-toplantisinda-gundem-ekonomi\/","title":{"rendered":"Y\u0131l\u0131n Son Kabine Toplant\u0131s\u0131nda G\u00fcndem Ekonomi!"},"content":{"rendered":"\n<p><\/p>\n\n\n\n<p><strong>Y\u0131l\u0131n son kabine toplant\u0131s\u0131n\u0131n yar\u0131n Cumhurba\u015fkan\u0131 Recep Tayyip Erdo\u011fan&#8217;\u0131n ba\u015fkanl\u0131\u011f\u0131nda yap\u0131lmas\u0131 bekleniyor. Toplant\u0131da, yeni asgari \u00fccret ile memur ve emekli maa\u015flar\u0131na yap\u0131lacak art\u0131\u015f ve ter\u00f6rle m\u00fccadele operasyonlar\u0131 ba\u015fta olmak \u00fczere i\u00e7 ve d\u0131\u015f geli\u015fmeler ele al\u0131nacak.<\/strong><\/p>\n\n\n\n<p>Cumhurba\u015fkan\u0131 Recep Tayyip Erdo\u011fan ba\u015fkanl\u0131\u011f\u0131ndaki toplant\u0131da \u00f6ncelikli g\u00fcndem ekonomi olacak.<\/p>\n\n\n\n<p>2024 y\u0131l\u0131nda ge\u00e7erli olacak asgari \u00fccret 31 Aral\u0131k&#8217;a kadar a\u00e7\u0131klanacak. \u00c7al\u0131\u015fma ve Sosyal G\u00fcvenlik Bakan\u0131 Vedat I\u015f\u0131khan&#8217;\u0131n, Kabine&#8217;ye son durumla ilgili bilgi vermesi bekleniyor.<\/p>\n\n\n\n<p><strong>MEMUR VE EMEKL\u0130 MAA\u015eLARINA YAPILACAK ARTI\u015e DA ELE ALINACAK<\/strong><\/p>\n\n\n\n<p>Kabine toplant\u0131s\u0131nda, yeni y\u0131lda memur ve emekli maa\u015flar\u0131na yap\u0131lacak art\u0131\u015f da de\u011ferlendirilecek.<\/p>\n\n\n\n<p>Enflasyonla m\u00fccadele kapsam\u0131nda al\u0131nan tedbirlerin ekonomiye etkisi ele al\u0131nacak.<\/p>\n\n\n\n<p><strong>TER\u00d6RLE M\u00dcCADELE OPERASYONLARI ELE ALINACAK<\/strong><\/p>\n\n\n\n<p>Toplant\u0131da, T\u00fcrk Silahl\u0131 Kuvvetleri&#8217;nin Irak&#8217;\u0131n ve Suriye&#8217;nin kuzeyindeki ter\u00f6r hedeflerine y\u00f6nelik operasyonlar\u0131 de\u011ferlendirilecek.<\/p>\n\n\n\n<p>\u0130srail&#8217;in Gazze&#8217;ye y\u00f6nelik sald\u0131r\u0131lar\u0131 da toplant\u0131n\u0131n g\u00fcndeminde olacak. Kal\u0131c\u0131 ate\u015fkes sa\u011flanmas\u0131 i\u00e7in T\u00fcrkiye&#8217;nin att\u0131\u011f\u0131 diplomatik ad\u0131mlar ve insani yard\u0131mlar ele al\u0131nacak.<\/p>\n","protected":false},"excerpt":{"rendered":"<p>Y\u0131l\u0131n son kabine toplant\u0131s\u0131n\u0131n yar\u0131n Cumhurba\u015fkan\u0131 Recep Tayyip Erdo\u011fan&#8217;\u0131n ba\u015fkanl\u0131\u011f\u0131nda yap\u0131lmas\u0131 bekleniyor. Toplant\u0131da, yeni asgari \u00fccret&#46;&#46;&#46;<\/p>\n","protected":false},"author":2,"featured_media":10591,"comment_status":"open","ping_status":"open","sticky":false,"template":"","format":"standard","meta":{"inline_featured_image":false,"footnotes":""},"categories":[80,82],"tags":[747,118,131,107,608,93,3157],"manset":[],"class_list":["post-10589","post","type-post","status-publish","format-standard","has-post-thumbnail","hentry","category-ekonomi-haberleri","category-gundem-haberleri","tag-kabine-toplantisi","tag-sanliurfa","tag-son-dakika","tag-ub","tag-urfa-bugun","tag-ust","tag-yilin-son-kabine-toplantisinda-gundem-ekonomi"],"_links":{"self":[{"href":"https:\/\/www.urfabugun.com\/index.php\/wp-json\/wp\/v2\/posts\/10589","targetHints":{"allow":["GET"]}}],"collection":[{"href":"https:\/\/www.urfabugun.com\/index.php\/wp-json\/wp\/v2\/posts"}],"about":[{"href":"https:\/\/www.urfabugun.com\/index.php\/wp-json\/wp\/v2\/types\/post"}],"author":[{"embeddable":true,"href":"https:\/\/www.urfabugun.com\/index.php\/wp-json\/wp\/v2\/users\/2"}],"replies":[{"embeddable":true,"href":"https:\/\/www.urfabugun.com\/index.php\/wp-json\/wp\/v2\/comments?post=10589"}],"version-history":[{"count":0,"href":"https:\/\/www.urfabugun.com\/index.php\/wp-json\/wp\/v2\/posts\/10589\/revisions"}],"wp:featuredmedia":[{"embeddable":true,"href":"https:\/\/www.urfabugun.com\/index.php\/wp-json\/wp\/v2\/media\/10591"}],"wp:attachment":[{"href":"https:\/\/www.urfabugun.com\/index.php\/wp-json\/wp\/v2\/media?parent=10589"}],"wp:term":[{"taxonomy":"category","embeddable":true,"href":"https:\/\/www.urfabugun.com\/index.php\/wp-json\/wp\/v2\/categories?post=10589"},{"taxonomy":"post_tag","embeddable":true,"href":"https:\/\/www.urfabugun.com\/index.php\/wp-json\/wp\/v2\/tags?post=10589"},{"taxonomy":"manset","embeddable":true,"href":"https:\/\/www.urfabugun.com\/index.php\/wp-json\/wp\/v2\/manset?post=10589"}],"curies":[{"name":"wp","href":"https:\/\/api.w.org\/{rel}","templated":true}]}}