{"id":10597,"date":"2023-12-26T21:08:34","date_gmt":"2023-12-26T18:08:34","guid":{"rendered":"https:\/\/www.urfabugun.com\/?p=10597"},"modified":"2023-12-26T21:08:41","modified_gmt":"2023-12-26T18:08:41","slug":"calisan-emekliye-5-bin-lira-ikramiye-tbmmden-gecti","status":"publish","type":"post","link":"https:\/\/www.urfabugun.com\/index.php\/2023\/12\/26\/calisan-emekliye-5-bin-lira-ikramiye-tbmmden-gecti\/","title":{"rendered":"\u00c7al\u0131\u015fan Emekliye 5 Bin Lira \u0130kramiye TBMM&#8217;den Ge\u00e7ti!"},"content":{"rendered":"\n<p><\/p>\n\n\n\n<p><strong>TBMM Genel Kurulu&#8217;nda g\u00f6r\u00fc\u015f\u00fclen ekonomiye ili\u015fkin kanun teklifinin, \u00e7al\u0131\u015fan emeklilere 5 bin lira verilmesini i\u00e7eren 55. maddesi kabul edildi.<\/strong><\/p>\n\n\n\n<p>TBMM Genel Kurulunda, Baz\u0131 Kanun ve Kanun H\u00fckm\u00fcnde Kararnamelerde De\u011fi\u015fiklik Yap\u0131lmas\u0131 Hakk\u0131nda Kanun Teklifi&#8217;nin g\u00f6r\u00fc\u015fmeleri s\u00fcr\u00fcyor.<\/p>\n\n\n\n<p>Tekliften, verilen \u00f6nergenin kabul edilmesiyle, Bankac\u0131l\u0131k D\u00fczenleme ve Denetleme Kurumunda (BDDK) g\u00f6rev yapan idarecilere ve meslek personeline, mevzuat\u0131nda \u00f6ng\u00f6r\u00fclen \u00fccret tavanlar\u0131na tabi olmaks\u0131z\u0131n ek tazminat \u00f6demesine y\u00f6nelik madde, tekliften \u00e7\u0131kar\u0131ld\u0131.<\/p>\n\n\n\n<p>Teklifin, \u00e7al\u0131\u015fan emeklilere de 5 bin lira verilmesine ili\u015fkin 55. maddesi kabul edildi.<\/p>\n","protected":false},"excerpt":{"rendered":"<p>TBMM Genel Kurulu&#8217;nda g\u00f6r\u00fc\u015f\u00fclen ekonomiye ili\u015fkin kanun teklifinin, \u00e7al\u0131\u015fan emeklilere 5 bin lira verilmesini i\u00e7eren 55.&#46;&#46;&#46;<\/p>\n","protected":false},"author":2,"featured_media":10599,"comment_status":"open","ping_status":"open","sticky":false,"template":"","format":"standard","meta":{"inline_featured_image":false,"footnotes":""},"categories":[82],"tags":[3160,1013,118,131,137,107,608,93],"manset":[],"class_list":["post-10597","post","type-post","status-publish","format-standard","has-post-thumbnail","hentry","category-gundem-haberleri","tag-calisan-emekliye-5-bin-lira-ikramiye-tbmmden-gecti","tag-emekli","tag-sanliurfa","tag-son-dakika","tag-tbmm","tag-ub","tag-urfa-bugun","tag-ust"],"_links":{"self":[{"href":"https:\/\/www.urfabugun.com\/index.php\/wp-json\/wp\/v2\/posts\/10597","targetHints":{"allow":["GET"]}}],"collection":[{"href":"https:\/\/www.urfabugun.com\/index.php\/wp-json\/wp\/v2\/posts"}],"about":[{"href":"https:\/\/www.urfabugun.com\/index.php\/wp-json\/wp\/v2\/types\/post"}],"author":[{"embeddable":true,"href":"https:\/\/www.urfabugun.com\/index.php\/wp-json\/wp\/v2\/users\/2"}],"replies":[{"embeddable":true,"href":"https:\/\/www.urfabugun.com\/index.php\/wp-json\/wp\/v2\/comments?post=10597"}],"version-history":[{"count":0,"href":"https:\/\/www.urfabugun.com\/index.php\/wp-json\/wp\/v2\/posts\/10597\/revisions"}],"wp:featuredmedia":[{"embeddable":true,"href":"https:\/\/www.urfabugun.com\/index.php\/wp-json\/wp\/v2\/media\/10599"}],"wp:attachment":[{"href":"https:\/\/www.urfabugun.com\/index.php\/wp-json\/wp\/v2\/media?parent=10597"}],"wp:term":[{"taxonomy":"category","embeddable":true,"href":"https:\/\/www.urfabugun.com\/index.php\/wp-json\/wp\/v2\/categories?post=10597"},{"taxonomy":"post_tag","embeddable":true,"href":"https:\/\/www.urfabugun.com\/index.php\/wp-json\/wp\/v2\/tags?post=10597"},{"taxonomy":"manset","embeddable":true,"href":"https:\/\/www.urfabugun.com\/index.php\/wp-json\/wp\/v2\/manset?post=10597"}],"curies":[{"name":"wp","href":"https:\/\/api.w.org\/{rel}","templated":true}]}}