{"id":10663,"date":"2024-01-01T16:35:15","date_gmt":"2024-01-01T13:35:15","guid":{"rendered":"https:\/\/www.urfabugun.com\/?p=10663"},"modified":"2024-01-01T16:35:22","modified_gmt":"2024-01-01T13:35:22","slug":"hakim-herkesin-merak-ettigi-soruyu-sordu-paralar-nerede","status":"publish","type":"post","link":"https:\/\/www.urfabugun.com\/index.php\/2024\/01\/01\/hakim-herkesin-merak-ettigi-soruyu-sordu-paralar-nerede\/","title":{"rendered":"Hakim, Herkesin Merak Etti\u011fi Soruyu Sordu! Paralar Nerede?"},"content":{"rendered":"\n<p><\/p>\n\n\n\n<p><strong>Y\u00fcksek karl\u0131 gizli fon vaadiyle futbolcular d\u00e2hil bir\u00e7ok ki\u015fiyi doland\u0131ran Se\u00e7il Erzan&#8217;\u0131n mahkemede ifadesi ortaya \u00e7\u0131kt\u0131.<\/strong><\/p>\n\n\n\n<p>Y\u00fcksek kar getirisi bulunan g\u00fcvenilir bir fon oldu\u011funu ve Fatih Terim gibi isimlerin de bu fona dahil oldu\u011funu s\u00f6yleyerek aralar\u0131nda tan\u0131nm\u0131\u015f futbolcular Arda Turan, Fernando Muslera, Emre Bel\u00f6zo\u011flu ve Sel\u00e7uk \u0130nan&#8217;\u0131n da bulundu\u011fu 19 ki\u015fiyi yakla\u015f\u0131k 25 milyon dolar ile 7 milyon 384 bin lira doland\u0131rd\u0131\u011f\u0131 iddia edilen banka \u015fube m\u00fcd\u00fcr\u00fc Se\u00e7il Erzan&#8217;\u0131n ifadesi ortaya \u00e7\u0131kt\u0131. Erzan s\u00f6z konusu paralar\u0131n kendisinde olmad\u0131\u011f\u0131n\u0131 s\u00f6yledi.<\/p>\n\n\n\n<p><strong>MAHKEMEDE KEND\u0130N\u0130 SAVUNDU: PARALAR BENDE DE\u011e\u0130L<\/strong><\/p>\n\n\n\n<p>Futbol d\u00fcnyas\u0131ndan \u00fcnl\u00fc isimlerin de aralar\u0131nda oldu\u011fu ki\u015fileri &#8220;y\u00fcksek karl\u0131 gizli fon&#8221; vaadiyle doland\u0131ran banka \u015fube m\u00fcd\u00fcr\u00fc Se\u00e7il Erzan 20 Kas\u0131m&#8217;da hakim kar\u015f\u0131s\u0131na \u00e7\u0131kt\u0131. S\u00f6zc\u00fc&#8217;den \u0130smail Saymaz&#8217;\u0131n ula\u015ft\u0131\u011f\u0131 ifadeye g\u00f6re Erzan paralar\u0131n kendisinde olmad\u0131\u011f\u0131n\u0131 s\u00f6yledi.<\/p>\n\n\n\n<p>&#8220;Paralar nerede?&#8221; sorusunu cevapland\u0131ran Erzan, &#8220;Birilerinin evlerinde, arabas\u0131nda, kolundaki saatlerde, yurtd\u0131\u015f\u0131 seyahatlerinde, ikinci evlerinde, \u00fc\u00e7\u00fcnc\u00fc yazl\u0131klar\u0131nda, cebinde&#8230;&#8221; dedi.<\/p>\n\n\n\n<p>TER\u0130M&#8217;\u0130N ADINI ANMAK \u0130STEMED\u0130<\/p>\n\n\n\n<p>Erzan savc\u0131n\u0131n &#8220;\u0130lk kim geldi size?&#8221; \u015feklinde sorusunu yan\u0131tland\u0131r\u0131rken ise Fatih Terim ad\u0131n\u0131 anmaktan ka\u00e7\u0131nd\u0131. Erzan, art arda gelen sorular\u0131n ard\u0131ndan &#8220;Tamam&#8221; dedi. Terim&#8217;i tan\u0131d\u0131\u011f\u0131n\u0131 ve aralar\u0131nda para ili\u015fkisinin oldu\u011funu belirtti.<\/p>\n","protected":false},"excerpt":{"rendered":"<p>Y\u00fcksek karl\u0131 gizli fon vaadiyle futbolcular d\u00e2hil bir\u00e7ok ki\u015fiyi doland\u0131ran Se\u00e7il Erzan&#8217;\u0131n mahkemede ifadesi ortaya \u00e7\u0131kt\u0131.&#46;&#46;&#46;<\/p>\n","protected":false},"author":2,"featured_media":10665,"comment_status":"open","ping_status":"open","sticky":false,"template":"","format":"standard","meta":{"inline_featured_image":false,"footnotes":""},"categories":[82,85],"tags":[113,3059,3187,3060,131,107,608],"manset":[],"class_list":["post-10663","post","type-post","status-publish","format-standard","has-post-thumbnail","hentry","category-gundem-haberleri","category-magazin-haberleri","tag-arda-turan","tag-fatih-terim","tag-futbolcular-dolandirildi","tag-secil-erzan","tag-son-dakika","tag-ub","tag-urfa-bugun"],"_links":{"self":[{"href":"https:\/\/www.urfabugun.com\/index.php\/wp-json\/wp\/v2\/posts\/10663","targetHints":{"allow":["GET"]}}],"collection":[{"href":"https:\/\/www.urfabugun.com\/index.php\/wp-json\/wp\/v2\/posts"}],"about":[{"href":"https:\/\/www.urfabugun.com\/index.php\/wp-json\/wp\/v2\/types\/post"}],"author":[{"embeddable":true,"href":"https:\/\/www.urfabugun.com\/index.php\/wp-json\/wp\/v2\/users\/2"}],"replies":[{"embeddable":true,"href":"https:\/\/www.urfabugun.com\/index.php\/wp-json\/wp\/v2\/comments?post=10663"}],"version-history":[{"count":0,"href":"https:\/\/www.urfabugun.com\/index.php\/wp-json\/wp\/v2\/posts\/10663\/revisions"}],"wp:featuredmedia":[{"embeddable":true,"href":"https:\/\/www.urfabugun.com\/index.php\/wp-json\/wp\/v2\/media\/10665"}],"wp:attachment":[{"href":"https:\/\/www.urfabugun.com\/index.php\/wp-json\/wp\/v2\/media?parent=10663"}],"wp:term":[{"taxonomy":"category","embeddable":true,"href":"https:\/\/www.urfabugun.com\/index.php\/wp-json\/wp\/v2\/categories?post=10663"},{"taxonomy":"post_tag","embeddable":true,"href":"https:\/\/www.urfabugun.com\/index.php\/wp-json\/wp\/v2\/tags?post=10663"},{"taxonomy":"manset","embeddable":true,"href":"https:\/\/www.urfabugun.com\/index.php\/wp-json\/wp\/v2\/manset?post=10663"}],"curies":[{"name":"wp","href":"https:\/\/api.w.org\/{rel}","templated":true}]}}