{"id":10722,"date":"2024-01-05T08:39:45","date_gmt":"2024-01-05T05:39:45","guid":{"rendered":"https:\/\/www.urfabugun.com\/?p=10722"},"modified":"2024-01-05T08:39:51","modified_gmt":"2024-01-05T05:39:51","slug":"yogun-sis-etkili-olmaya-devam-ediyor-sanliurfa-valisi-vatandaslari-uyardi","status":"publish","type":"post","link":"https:\/\/www.urfabugun.com\/index.php\/2024\/01\/05\/yogun-sis-etkili-olmaya-devam-ediyor-sanliurfa-valisi-vatandaslari-uyardi\/","title":{"rendered":"Yo\u011fun Sis Etkili Olmaya Devam Ediyor: \u015eanl\u0131urfa Valisi Vatanda\u015flar\u0131 Uyard\u0131!"},"content":{"rendered":"\n<p><\/p>\n\n\n\n<p><strong>\u015eanl\u0131urfa\u2019da d\u00fcn etkili olmaya ba\u015flayan yo\u011fun sis bug\u00fcn de etkisini artt\u0131rarak devam etti.<\/strong><\/p>\n\n\n\n<p>D\u00fcn Sabah saatlerinden itibaren \u015fehir \u00fczerinde etkisini g\u00f6stermeye ba\u015flayan yo\u011fun sis, bug\u00fcn de etkisini art\u0131rd\u0131. Yo\u011fun sis nedeniyle \u015eanl\u0131urfa\u2019n\u0131n \u00e7e\u015fitli noktalar\u0131nda g\u00f6r\u00fc\u015f mesafesi 10-20 metreye kadar d\u00fc\u015ferken, \u015eanl\u0131urfa Valili\u011fi \u015fehir \u00fczerinde etkisini g\u00f6steren yo\u011fun sis i\u00e7in vatanda\u015flar\u0131 ve s\u00fcr\u00fcc\u00fcleri uyard\u0131.<\/p>\n\n\n\n<p>Sosyal medya hesab\u0131ndan yapt\u0131\u011f\u0131 payla\u015f\u0131mda vatanda\u015flar\u0131 uyaran \u015eanl\u0131urfa Valisi Hasan \u015e\u0131ldak \u015fu ifadelere yer verdi; \u201c De\u011ferli S\u00fcr\u00fcc\u00fcler,\u015eanl\u0131urfa\u2019da sisli hava etkisini g\u00f6steriyor! Olumsuz hava \u015fartlar\u0131nda l\u00fctfen<br>daha dikkatli ve tedbirli olal\u0131m\u201d dedi.<\/p>\n","protected":false},"excerpt":{"rendered":"<p>\u015eanl\u0131urfa\u2019da d\u00fcn etkili olmaya ba\u015flayan yo\u011fun sis bug\u00fcn de etkisini artt\u0131rarak devam etti. D\u00fcn Sabah saatlerinden&#46;&#46;&#46;<\/p>\n","protected":false},"author":2,"featured_media":10724,"comment_status":"open","ping_status":"open","sticky":false,"template":"","format":"standard","meta":{"inline_featured_image":false,"footnotes":""},"categories":[92],"tags":[2518,3205,118,344,1073,131,3204,107,608,1318,3206],"manset":[],"class_list":["post-10722","post","type-post","status-publish","format-standard","has-post-thumbnail","hentry","category-yasam-haberleri","tag-hasan-sildak","tag-olumsuz-hava-sartlari","tag-sanliurfa","tag-sanliurfa-valiligi","tag-sis","tag-son-dakika","tag-suruc-2","tag-ub","tag-urfa-bugun","tag-uyari","tag-yogun-sis-etkili-olmaya-devam-ediyor-sanliurfa-valisi-vatandaslari-uyardi"],"_links":{"self":[{"href":"https:\/\/www.urfabugun.com\/index.php\/wp-json\/wp\/v2\/posts\/10722","targetHints":{"allow":["GET"]}}],"collection":[{"href":"https:\/\/www.urfabugun.com\/index.php\/wp-json\/wp\/v2\/posts"}],"about":[{"href":"https:\/\/www.urfabugun.com\/index.php\/wp-json\/wp\/v2\/types\/post"}],"author":[{"embeddable":true,"href":"https:\/\/www.urfabugun.com\/index.php\/wp-json\/wp\/v2\/users\/2"}],"replies":[{"embeddable":true,"href":"https:\/\/www.urfabugun.com\/index.php\/wp-json\/wp\/v2\/comments?post=10722"}],"version-history":[{"count":0,"href":"https:\/\/www.urfabugun.com\/index.php\/wp-json\/wp\/v2\/posts\/10722\/revisions"}],"wp:featuredmedia":[{"embeddable":true,"href":"https:\/\/www.urfabugun.com\/index.php\/wp-json\/wp\/v2\/media\/10724"}],"wp:attachment":[{"href":"https:\/\/www.urfabugun.com\/index.php\/wp-json\/wp\/v2\/media?parent=10722"}],"wp:term":[{"taxonomy":"category","embeddable":true,"href":"https:\/\/www.urfabugun.com\/index.php\/wp-json\/wp\/v2\/categories?post=10722"},{"taxonomy":"post_tag","embeddable":true,"href":"https:\/\/www.urfabugun.com\/index.php\/wp-json\/wp\/v2\/tags?post=10722"},{"taxonomy":"manset","embeddable":true,"href":"https:\/\/www.urfabugun.com\/index.php\/wp-json\/wp\/v2\/manset?post=10722"}],"curies":[{"name":"wp","href":"https:\/\/api.w.org\/{rel}","templated":true}]}}