{"id":10779,"date":"2024-01-09T09:47:24","date_gmt":"2024-01-09T06:47:24","guid":{"rendered":"https:\/\/www.urfabugun.com\/?p=10779"},"modified":"2024-01-09T09:47:30","modified_gmt":"2024-01-09T06:47:30","slug":"fatih-camiinde-provokatif-saldiri","status":"publish","type":"post","link":"https:\/\/www.urfabugun.com\/index.php\/2024\/01\/09\/fatih-camiinde-provokatif-saldiri\/","title":{"rendered":"Fatih Camii&#8217;nde Provokatif Sald\u0131r\u0131!"},"content":{"rendered":"\n<p><\/p>\n\n\n\n<p><strong>Fatih Camii \u0130mam\u0131 Galip Usta ve cami cemaatinden bir ki\u015fi, namazdan sonra bir \u015f\u00fcpheli taraf\u0131ndan b\u0131\u00e7akla yaraland\u0131. Sald\u0131rgan g\u00f6zalt\u0131na al\u0131nd\u0131. \u0130stanbul Cumhuriyet Ba\u015fsavc\u0131l\u0131\u011f\u0131 olaya ili\u015fkin soru\u015fturma ba\u015flatt\u0131.<\/strong><\/p>\n\n\n\n<p>\u0130stanbul&#8217;da Fatih Camii\u2019nde namaz s\u0131ras\u0131nda sorun \u00e7\u0131karan \u015f\u00fcpheli \u00d6.S, \u00f6zel g\u00fcvenlik g\u00f6revlileri taraf\u0131ndan camiden \u00e7\u0131kar\u0131ld\u0131.<\/p>\n\n\n\n<p>Namaz\u0131n ard\u0131ndan imam odas\u0131na giren ve Usta ile konu\u015fmak istedi\u011fini belirten zanl\u0131, imam ile araya girmeye \u00e7al\u0131\u015fan cami cemaatinden B.E&#8217;yi b\u0131\u00e7akla yaralad\u0131.<\/p>\n\n\n\n<p>\u0130hbar \u00fczerine b\u00f6lgeye polis ve sa\u011fl\u0131k ekipleri sevk edildi. Yaral\u0131lar sa\u011fl\u0131k g\u00f6revlilerince hastaneye kald\u0131r\u0131ld\u0131.<\/p>\n\n\n\n<p>\u015e\u00fcpheli \u00d6.S. g\u00f6zalt\u0131na al\u0131nd\u0131.\u200b\u200b\u200b\u200b\u200b\u200b\u200b<\/p>\n\n\n\n<p>Bezmialem Vak\u0131f \u00dcniversitesi Ba\u015fhekimi Alpaslan Mayada\u011fl\u0131, yaral\u0131lar\u0131n son durumunu TRT Haber\u2019e de\u011ferlendirdi.<\/p>\n\n\n\n<p>&#8220;Fatih Camii imam\u0131 g\u00f6\u011f\u00fcs, s\u0131rt ve bo\u011faz b\u00f6lgesine 3 b\u0131\u00e7ak darbesi alm\u0131\u015f. En s\u0131k\u0131nt\u0131l\u0131 nokta bo\u011faz b\u00f6lgesiydi. Soluk borusuna k\u0131smi m\u00fcdahale yap\u0131ld\u0131. \u015eu anda durumu stabil. Hayati tehlikesi yok, gerekli m\u00fcdahaleler yap\u0131l\u0131yor.&#8221;<\/p>\n","protected":false},"excerpt":{"rendered":"<p>Fatih Camii \u0130mam\u0131 Galip Usta ve cami cemaatinden bir ki\u015fi, namazdan sonra bir \u015f\u00fcpheli taraf\u0131ndan b\u0131\u00e7akla&#46;&#46;&#46;<\/p>\n","protected":false},"author":2,"featured_media":10781,"comment_status":"open","ping_status":"open","sticky":false,"template":"","format":"standard","meta":{"inline_featured_image":false,"footnotes":""},"categories":[82,75],"tags":[3221,131,107],"manset":[],"class_list":["post-10779","post","type-post","status-publish","format-standard","has-post-thumbnail","hentry","category-gundem-haberleri","category-asayis-haberleri","tag-fatih-camiinde-provokatif-saldiri","tag-son-dakika","tag-ub"],"_links":{"self":[{"href":"https:\/\/www.urfabugun.com\/index.php\/wp-json\/wp\/v2\/posts\/10779","targetHints":{"allow":["GET"]}}],"collection":[{"href":"https:\/\/www.urfabugun.com\/index.php\/wp-json\/wp\/v2\/posts"}],"about":[{"href":"https:\/\/www.urfabugun.com\/index.php\/wp-json\/wp\/v2\/types\/post"}],"author":[{"embeddable":true,"href":"https:\/\/www.urfabugun.com\/index.php\/wp-json\/wp\/v2\/users\/2"}],"replies":[{"embeddable":true,"href":"https:\/\/www.urfabugun.com\/index.php\/wp-json\/wp\/v2\/comments?post=10779"}],"version-history":[{"count":0,"href":"https:\/\/www.urfabugun.com\/index.php\/wp-json\/wp\/v2\/posts\/10779\/revisions"}],"wp:featuredmedia":[{"embeddable":true,"href":"https:\/\/www.urfabugun.com\/index.php\/wp-json\/wp\/v2\/media\/10781"}],"wp:attachment":[{"href":"https:\/\/www.urfabugun.com\/index.php\/wp-json\/wp\/v2\/media?parent=10779"}],"wp:term":[{"taxonomy":"category","embeddable":true,"href":"https:\/\/www.urfabugun.com\/index.php\/wp-json\/wp\/v2\/categories?post=10779"},{"taxonomy":"post_tag","embeddable":true,"href":"https:\/\/www.urfabugun.com\/index.php\/wp-json\/wp\/v2\/tags?post=10779"},{"taxonomy":"manset","embeddable":true,"href":"https:\/\/www.urfabugun.com\/index.php\/wp-json\/wp\/v2\/manset?post=10779"}],"curies":[{"name":"wp","href":"https:\/\/api.w.org\/{rel}","templated":true}]}}