{"id":10850,"date":"2024-01-11T10:54:43","date_gmt":"2024-01-11T07:54:43","guid":{"rendered":"https:\/\/www.urfabugun.com\/?p=10850"},"modified":"2024-01-11T10:54:58","modified_gmt":"2024-01-11T07:54:58","slug":"regaip-kandili-bugun-idrak-edilecek","status":"publish","type":"post","link":"https:\/\/www.urfabugun.com\/index.php\/2024\/01\/11\/regaip-kandili-bugun-idrak-edilecek\/","title":{"rendered":"Regaip Kandili Bug\u00fcn \u0130drak Edilecek!"},"content":{"rendered":"\n<p><\/p>\n\n\n\n<p><strong>\u0130slam aleminde rahmeti ve bereketi bol &#8220;\u00fc\u00e7 aylar\u0131n&#8221; habercisi kabul edilen Regaip Kandili bug\u00fcn idrak edilecek.<\/strong><\/p>\n\n\n\n<p>\u0130slam d\u00fcnyas\u0131 i\u00e7in b\u00fcy\u00fck \u00f6neme sahip \u00fc\u00e7 aylardan, recep ay\u0131n\u0131n ilk per\u015fembe g\u00fcn\u00fcn\u00fc cumaya ba\u011flayan gece idrak edilen Regaip Kandili, &#8220;rahmet ve bereket gecesi&#8221; olarak kabul ediliyor.<\/p>\n\n\n\n<p>S\u00f6zl\u00fckte &#8220;kendisine ra\u011fbet edilen \u015fey, bol ve de\u011ferli ba\u011f\u0131\u015f&#8221; anlam\u0131na gelene regaib, hadis ve f\u0131k\u0131h literat\u00fcr\u00fcnde ise &#8220;bol sevap, m\u00fckafat, faziletli amel&#8221; anlamlar\u0131nda kullan\u0131l\u0131yor.<\/p>\n\n\n\n<p>M\u00fcsl\u00fcmanlara Regaib Kandili&#8217;nde Kur&#8217;an-\u0131 Kerim okumas\u0131, isti\u011ffar, dua ve zikir yapmalar\u0131 tavsiye ediliyor.<\/p>\n\n\n\n<p>\u0130slam kaynaklar\u0131nda, Abdullah bin \u00d6mer&#8217;in rivayeti ve \u0130mam \u015eafii&#8217;nin aktard\u0131\u011f\u0131na g\u00f6re, recep ay\u0131n\u0131n ilk gecesi, cuma geceleri, \u015faban ay\u0131n\u0131n 15&#8217;inci ile ramazan ve kurban bayramlar\u0131n\u0131n gecelerinde yap\u0131lan dualar\u0131n geri \u00e7evrilmedi\u011fi belirtiliyor.<\/p>\n\n\n\n<p>\u00d6te yandan \u00dc\u00e7 aylar yar\u0131n ba\u015flayacak. Mira\u00e7 Kandili 6 \u015eubat&#8217;ta, Berat Kandili 24 \u015eubat&#8217;ta, Kadir Gecesi 5 Nisan&#8217;da idrak edilecek.<\/p>\n\n\n\n<p>11 Mart&#8217;ta Ramazan Ay\u0131 ba\u015flarken, 10-12 Nisan&#8217;da Ramazan Bayram\u0131 kutlanacak.<\/p>\n","protected":false},"excerpt":{"rendered":"<p>\u0130slam aleminde rahmeti ve bereketi bol &#8220;\u00fc\u00e7 aylar\u0131n&#8221; habercisi kabul edilen Regaip Kandili bug\u00fcn idrak edilecek.&#46;&#46;&#46;<\/p>\n","protected":false},"author":2,"featured_media":10852,"comment_status":"open","ping_status":"open","sticky":false,"template":"","format":"standard","meta":{"inline_featured_image":false,"footnotes":""},"categories":[82,92],"tags":[3244,3243,118,131,107],"manset":[],"class_list":["post-10850","post","type-post","status-publish","format-standard","has-post-thumbnail","hentry","category-gundem-haberleri","category-yasam-haberleri","tag-regaip-kandili","tag-regaip-kandili-bugun-idrak-edilecek","tag-sanliurfa","tag-son-dakika","tag-ub"],"_links":{"self":[{"href":"https:\/\/www.urfabugun.com\/index.php\/wp-json\/wp\/v2\/posts\/10850","targetHints":{"allow":["GET"]}}],"collection":[{"href":"https:\/\/www.urfabugun.com\/index.php\/wp-json\/wp\/v2\/posts"}],"about":[{"href":"https:\/\/www.urfabugun.com\/index.php\/wp-json\/wp\/v2\/types\/post"}],"author":[{"embeddable":true,"href":"https:\/\/www.urfabugun.com\/index.php\/wp-json\/wp\/v2\/users\/2"}],"replies":[{"embeddable":true,"href":"https:\/\/www.urfabugun.com\/index.php\/wp-json\/wp\/v2\/comments?post=10850"}],"version-history":[{"count":0,"href":"https:\/\/www.urfabugun.com\/index.php\/wp-json\/wp\/v2\/posts\/10850\/revisions"}],"wp:featuredmedia":[{"embeddable":true,"href":"https:\/\/www.urfabugun.com\/index.php\/wp-json\/wp\/v2\/media\/10852"}],"wp:attachment":[{"href":"https:\/\/www.urfabugun.com\/index.php\/wp-json\/wp\/v2\/media?parent=10850"}],"wp:term":[{"taxonomy":"category","embeddable":true,"href":"https:\/\/www.urfabugun.com\/index.php\/wp-json\/wp\/v2\/categories?post=10850"},{"taxonomy":"post_tag","embeddable":true,"href":"https:\/\/www.urfabugun.com\/index.php\/wp-json\/wp\/v2\/tags?post=10850"},{"taxonomy":"manset","embeddable":true,"href":"https:\/\/www.urfabugun.com\/index.php\/wp-json\/wp\/v2\/manset?post=10850"}],"curies":[{"name":"wp","href":"https:\/\/api.w.org\/{rel}","templated":true}]}}