{"id":10890,"date":"2024-01-12T15:27:45","date_gmt":"2024-01-12T12:27:45","guid":{"rendered":"https:\/\/www.urfabugun.com\/?p=10890"},"modified":"2024-01-12T15:27:52","modified_gmt":"2024-01-12T12:27:52","slug":"tam-not-aldi-baskan-canpolattan-haliliyeye-kalici-eserler","status":"publish","type":"post","link":"https:\/\/www.urfabugun.com\/index.php\/2024\/01\/12\/tam-not-aldi-baskan-canpolattan-haliliyeye-kalici-eserler\/","title":{"rendered":"Tam Not Ald\u0131: Ba\u015fkan Canpolat\u2019tan Haliliye\u2019ye Kal\u0131c\u0131 Eserler!"},"content":{"rendered":"\n<p><\/p>\n\n\n\n<p><strong>Haliliye Belediye Ba\u015fkan\u0131 Mehmet Canpolat\u2019\u0131n projeleriyle il\u00e7eye kazand\u0131r\u0131lan eser ve hizmetler vatanda\u015flardan tam not ald\u0131.<\/strong><\/p>\n\n\n\n<p>Ba\u015fkan Mehmet Canpolat\u2019\u0131n se\u00e7im vaatlerinden biri olan \u0130brahim Tatl\u0131ses K\u00fclt\u00fcr Merkezi, \u015fehre de\u011fer kazand\u0131rd\u0131. Kar\u015f\u0131yaka Mahallesinde i\u00e7erisinde yer alan G\u00f6beklitepe Gastronomi Merkezi, K\u00fct\u00fcphane, Evlendirme Daire, Meslek Edindirme At\u00f6lyeleri, Gastronomi E\u011fitim Mutfa\u011f\u0131 ve Konservatuar S\u0131n\u0131f\u0131 yer alan k\u00fclt\u00fcr merkezi, 7\u2019den 70\u2019e t\u00fcm vatanda\u015flara hitap ediyor. Gastronomi Merkezi ile y\u00f6resel lezzetleri ziyaret\u00e7ilerle bulu\u015fturan Haliliye Belediyesi, \u015eanl\u0131urfa\u2019n\u0131n zengin mutfa\u011f\u0131n\u0131 yans\u0131t\u0131yor.<\/p>\n\n\n\n<figure class=\"wp-block-image size-large\"><img loading=\"lazy\" decoding=\"async\" width=\"1024\" height=\"768\" src=\"https:\/\/www.urfabugun.com\/wp-content\/uploads\/2024\/01\/0a823c53-aa90-4940-97f1-1b1351af0d51-1024x768.jpeg\" alt=\"\" class=\"wp-image-10892\"\/><\/figure>\n\n\n\n<p><strong>AHMET YESEV\u0130 SOSYAL YARDIM KOMPLEKS\u0130<\/strong><\/p>\n\n\n\n<p>\u0130\u00e7erisinde A\u015fevi, Glutensiz Ekmek F\u0131r\u0131n\u0131, Sosyal Market, \u0130dari Birim, Kapal\u0131 Semt Pazar\u0131\/Otopark yer alan Ahmet Yesevi Sosyal Yard\u0131m Kompleksinin b\u00f6lgeye hay\u0131rl\u0131 olmas\u0131n\u0131 dileyen Ba\u015fkan Mehmet Canpolat, \u201cBiz her zaman oldu\u011fu gibi vatanda\u015flar\u0131m\u0131z\u0131n hizmet noktas\u0131nda aya\u011f\u0131na geldik, hizmeti onlar\u0131n ayaklar\u0131n\u0131n alt\u0131na serdik. Kompleks projemiz, vatanda\u015flar\u0131m\u0131za hay\u0131rl\u0131 olsun\u201d dedi.<\/p>\n\n\n\n<p><strong>G\u00dcNL\u00dcK 6 B\u0130N EKMEK \u00dcRET\u0130L\u0130YOR<\/strong><\/p>\n\n\n\n<p>Vatanda\u015flara dokunacak projelerin k\u0131sa s\u00fcre i\u00e7erisinde hayata ge\u00e7irildi\u011fi Haliliye Belediyesi b\u00fcnyesinde Ekmek \u00dcretim Tesisi kuruldu. Sosyal Yard\u0131m \u0130\u015fleri M\u00fcd\u00fcrl\u00fc\u011f\u00fc taraf\u0131ndan 4 bin 197 vatanda\u015fa ula\u015ft\u0131r\u0131lan A\u015fevi hizmetinden yararlanan ailelerin ekmek ihtiyac\u0131n\u0131 kar\u015f\u0131lamak i\u00e7in \u00e7al\u0131\u015fmalar\u0131 tamamlayan Haliliye Belediyesi, Ekmek \u00dcretim Tesisi ile g\u00fcnl\u00fck 6 bin ekmek \u00fcretiyor. Belediye b\u00fcnyesindeki ustalar taraf\u0131ndan ge\u00e7 saatlerde ba\u015flayan ekmek \u00fcretimi, sefer taslar\u0131na konulan yemekler e\u015fli\u011finde sabah\u0131n ilk \u0131\u015f\u0131klar\u0131yla hanelere da\u011f\u0131t\u0131l\u0131yor.<\/p>\n\n\n\n<figure class=\"wp-block-image size-large\"><img loading=\"lazy\" decoding=\"async\" width=\"1024\" height=\"1024\" src=\"https:\/\/www.urfabugun.com\/wp-content\/uploads\/2024\/01\/C7E9FD5A-97CB-462F-9219-B6659CB6DE90-1024x1024.jpeg\" alt=\"\" class=\"wp-image-10893\"\/><\/figure>\n\n\n\n<p>\u00dcreten Belediye anlay\u0131\u015f\u0131yla Haliliye\u2019ye kazand\u0131r\u0131lan eser ve hizmetlerle ihtiya\u00e7 sahibi ailelerin yanlar\u0131nda olduklar\u0131n\u0131 kaydeden Ba\u015fkan Mehmet Canpolat, Ekmek \u00dcretim Tesisinin vatanda\u015flara hay\u0131rl\u0131 olmas\u0131n\u0131 diledi.<\/p>\n\n\n\n<p><strong>KAR\u015eIYAKA\u2019NIN BEKLED\u0130\u011e\u0130 H\u0130ZMET HAYATA GE\u00c7\u0130R\u0130LD\u0130<\/strong><\/p>\n\n\n\n<p>Ba\u015fkan Mehmet Canpolat\u2019\u0131n hayata ge\u00e7irdi\u011fi kompleks projesiyle geli\u015ftirilerek hayata ge\u00e7irildi. Kapal\u0131 semt pazar\u0131\/ otopark, cami, hal\u0131 saha ve zab\u0131ta m\u00fcd\u00fcrl\u00fc\u011f\u00fcnden olu\u015fan proje, b\u00f6lgedeki bir\u00e7ok ihtiyac\u0131n kar\u015f\u0131lanmas\u0131n\u0131 sa\u011flad\u0131.<\/p>\n\n\n\n<p><em>SANCAKTAR\u2019IN YILLARDIR BEKLED\u0130\u011e\u0130 PROJE<\/em><\/p>\n\n\n\n<p>Ba\u015fkan Canpolat\u2019\u0131n se\u00e7im vaatlerinden biri olan ve mahallede yap\u0131lan tespitlerin ard\u0131ndan b\u00f6lgenin eksikliklerine g\u00f6re y\u00fckselen projelerden biri olan Sancaktar Kompleksi, i\u00e7erisinde bulunan Kapal\u0131 Semt Pazar\u0131\/Otopark, \u00c7ok Ama\u00e7l\u0131 Sosyal Tesis, Zab\u0131ta Amirli\u011fi, Muhtar Evi ve Park alan\u0131 ile hizmete sunuldu. Y\u0131llard\u0131r mahallenin ihtiya\u00e7 duydu\u011fu ve 5 bin 600 metrekare alan \u00fczerine in\u015fa edilen proje, mahalle sakinlerinden tam not ald\u0131.<\/p>\n","protected":false},"excerpt":{"rendered":"<p>Haliliye Belediye Ba\u015fkan\u0131 Mehmet Canpolat\u2019\u0131n projeleriyle il\u00e7eye kazand\u0131r\u0131lan eser ve hizmetler vatanda\u015flardan tam not ald\u0131. Ba\u015fkan&#46;&#46;&#46;<\/p>\n","protected":false},"author":2,"featured_media":10894,"comment_status":"open","ping_status":"open","sticky":false,"template":"","format":"standard","meta":{"inline_featured_image":false,"footnotes":""},"categories":[82],"tags":[135,136,131,3258,107],"manset":[],"class_list":["post-10890","post","type-post","status-publish","format-standard","has-post-thumbnail","hentry","category-gundem-haberleri","tag-haliliye-belediyesi","tag-mehmet-canpolat","tag-son-dakika","tag-tam-not-aldi-baskan-canpolattan-haliliyeye-kalici-eserler","tag-ub"],"_links":{"self":[{"href":"https:\/\/www.urfabugun.com\/index.php\/wp-json\/wp\/v2\/posts\/10890","targetHints":{"allow":["GET"]}}],"collection":[{"href":"https:\/\/www.urfabugun.com\/index.php\/wp-json\/wp\/v2\/posts"}],"about":[{"href":"https:\/\/www.urfabugun.com\/index.php\/wp-json\/wp\/v2\/types\/post"}],"author":[{"embeddable":true,"href":"https:\/\/www.urfabugun.com\/index.php\/wp-json\/wp\/v2\/users\/2"}],"replies":[{"embeddable":true,"href":"https:\/\/www.urfabugun.com\/index.php\/wp-json\/wp\/v2\/comments?post=10890"}],"version-history":[{"count":0,"href":"https:\/\/www.urfabugun.com\/index.php\/wp-json\/wp\/v2\/posts\/10890\/revisions"}],"wp:featuredmedia":[{"embeddable":true,"href":"https:\/\/www.urfabugun.com\/index.php\/wp-json\/wp\/v2\/media\/10894"}],"wp:attachment":[{"href":"https:\/\/www.urfabugun.com\/index.php\/wp-json\/wp\/v2\/media?parent=10890"}],"wp:term":[{"taxonomy":"category","embeddable":true,"href":"https:\/\/www.urfabugun.com\/index.php\/wp-json\/wp\/v2\/categories?post=10890"},{"taxonomy":"post_tag","embeddable":true,"href":"https:\/\/www.urfabugun.com\/index.php\/wp-json\/wp\/v2\/tags?post=10890"},{"taxonomy":"manset","embeddable":true,"href":"https:\/\/www.urfabugun.com\/index.php\/wp-json\/wp\/v2\/manset?post=10890"}],"curies":[{"name":"wp","href":"https:\/\/api.w.org\/{rel}","templated":true}]}}