{"id":10901,"date":"2024-01-12T19:45:04","date_gmt":"2024-01-12T16:45:04","guid":{"rendered":"https:\/\/www.urfabugun.com\/?p=10901"},"modified":"2024-01-12T19:45:12","modified_gmt":"2024-01-12T16:45:12","slug":"sanliurfaspordan-iki-yeni-transfer","status":"publish","type":"post","link":"https:\/\/www.urfabugun.com\/index.php\/2024\/01\/12\/sanliurfaspordan-iki-yeni-transfer\/","title":{"rendered":"\u015eanl\u0131urfaspor&#8217;dan \u0130ki Yeni Transfer!"},"content":{"rendered":"\n<p><\/p>\n\n\n\n<p><strong>Trendyol 1. Lig ekiplerinden ASTOR Enerji \u015eanl\u0131urfaspor, Bodrum FK formas\u0131 giyen kanat oyuncusu Aldair Djalo Balde ve 1461 Trabzon FK&#8217;dan stoper \u00dcmit Kurt&#8217;u renklerine ba\u011flad\u0131.<\/strong><\/p>\n\n\n\n<figure class=\"wp-block-image size-full\"><img loading=\"lazy\" decoding=\"async\" width=\"800\" height=\"431\" src=\"https:\/\/www.urfabugun.com\/wp-content\/uploads\/2024\/01\/IMG_8284.jpeg\" alt=\"\" class=\"wp-image-10903\"\/><\/figure>\n\n\n\n<p>Kul\u00fcb\u00fcn sosyal medya hesab\u0131ndan yap\u0131lan a\u00e7\u0131klamada, &#8220;\u015eanl\u0131urfasporumuz Bodrum FK&#8217;den kanat oyuncusu Aldair Djalo Balde ile sezon sonuna kadar s\u00f6zle\u015fme imzalad\u0131.&#8221; ifadeleri kullan\u0131ld\u0131.<\/p>\n\n\n\n<p>\u015eanl\u0131urfaspor, 1461 Trabzon FK&#8217;dan stoper \u00dcmit Kurt ile de sezon sonuna kadar s\u00f6zle\u015fme imzalad\u0131.<\/p>\n","protected":false},"excerpt":{"rendered":"<p>Trendyol 1. Lig ekiplerinden ASTOR Enerji \u015eanl\u0131urfaspor, Bodrum FK formas\u0131 giyen kanat oyuncusu Aldair Djalo Balde&#46;&#46;&#46;<\/p>\n","protected":false},"author":2,"featured_media":10904,"comment_status":"open","ping_status":"open","sticky":false,"template":"","format":"standard","meta":{"inline_featured_image":false,"footnotes":""},"categories":[88],"tags":[118,3260,131,608,122],"manset":[],"class_list":["post-10901","post","type-post","status-publish","format-standard","has-post-thumbnail","hentry","category-spor-haberleri","tag-sanliurfa","tag-sanliurfaspordan-iki-yeni-transfer","tag-son-dakika","tag-urfa-bugun","tag-urfaspor"],"_links":{"self":[{"href":"https:\/\/www.urfabugun.com\/index.php\/wp-json\/wp\/v2\/posts\/10901","targetHints":{"allow":["GET"]}}],"collection":[{"href":"https:\/\/www.urfabugun.com\/index.php\/wp-json\/wp\/v2\/posts"}],"about":[{"href":"https:\/\/www.urfabugun.com\/index.php\/wp-json\/wp\/v2\/types\/post"}],"author":[{"embeddable":true,"href":"https:\/\/www.urfabugun.com\/index.php\/wp-json\/wp\/v2\/users\/2"}],"replies":[{"embeddable":true,"href":"https:\/\/www.urfabugun.com\/index.php\/wp-json\/wp\/v2\/comments?post=10901"}],"version-history":[{"count":0,"href":"https:\/\/www.urfabugun.com\/index.php\/wp-json\/wp\/v2\/posts\/10901\/revisions"}],"wp:featuredmedia":[{"embeddable":true,"href":"https:\/\/www.urfabugun.com\/index.php\/wp-json\/wp\/v2\/media\/10904"}],"wp:attachment":[{"href":"https:\/\/www.urfabugun.com\/index.php\/wp-json\/wp\/v2\/media?parent=10901"}],"wp:term":[{"taxonomy":"category","embeddable":true,"href":"https:\/\/www.urfabugun.com\/index.php\/wp-json\/wp\/v2\/categories?post=10901"},{"taxonomy":"post_tag","embeddable":true,"href":"https:\/\/www.urfabugun.com\/index.php\/wp-json\/wp\/v2\/tags?post=10901"},{"taxonomy":"manset","embeddable":true,"href":"https:\/\/www.urfabugun.com\/index.php\/wp-json\/wp\/v2\/manset?post=10901"}],"curies":[{"name":"wp","href":"https:\/\/api.w.org\/{rel}","templated":true}]}}