{"id":11066,"date":"2024-01-18T19:53:18","date_gmt":"2024-01-18T16:53:18","guid":{"rendered":"https:\/\/www.urfabugun.com\/?p=11066"},"modified":"2024-01-18T19:53:25","modified_gmt":"2024-01-18T16:53:25","slug":"sanliurfali-is-adami-evinde-olu-bulundu","status":"publish","type":"post","link":"https:\/\/www.urfabugun.com\/index.php\/2024\/01\/18\/sanliurfali-is-adami-evinde-olu-bulundu\/","title":{"rendered":"\u015eanl\u0131urfal\u0131 \u0130\u015f Adam\u0131 Evinde \u00d6l\u00fc Bulundu!"},"content":{"rendered":"\n<p><\/p>\n\n\n\n<p><strong>\u015eanl\u0131urfa\u2019n\u0131n Karak\u00f6pr\u00fc il\u00e7esinde Ya\u015fanan olayda \u0130\u015f Adam\u0131 Sezai Fevzi Kolsuzo\u011flu Ba\u011f evinde \u00f6l\u00fc olarak bulundu.<\/strong><\/p>\n\n\n\n<p>Edinilen bilgiye G\u00f6re Karak\u00f6pr\u00fcn\u00fcn Yusufkuyu mecras\u0131ndaki ba\u011f evinde \u00f6l\u00fc Bulunan ki\u015finin \u0130\u015f Adam\u0131 Sezai Fevzi Kolsuzo\u011flu \u00f6\u011frenildi.<\/p>\n\n\n\n<p>Olayla ilgili Soru\u015fturma ba\u015flat\u0131ld\u0131.<\/p>\n\n\n\n<p>Ayr\u0131nt\u0131lar geliyor..<\/p>\n","protected":false},"excerpt":{"rendered":"<p>\u015eanl\u0131urfa\u2019n\u0131n Karak\u00f6pr\u00fc il\u00e7esinde Ya\u015fanan olayda \u0130\u015f Adam\u0131 Sezai Fevzi Kolsuzo\u011flu Ba\u011f evinde \u00f6l\u00fc olarak bulundu. Edinilen&#46;&#46;&#46;<\/p>\n","protected":false},"author":2,"featured_media":11068,"comment_status":"open","ping_status":"open","sticky":false,"template":"","format":"standard","meta":{"inline_featured_image":false,"footnotes":""},"categories":[75],"tags":[3311,3312,131,107],"manset":[],"class_list":["post-11066","post","type-post","status-publish","format-standard","has-post-thumbnail","hentry","category-asayis-haberleri","tag-sanliurfali-is-adami-evinde-olu-bulundu","tag-sezai-kolsuzoglu","tag-son-dakika","tag-ub"],"_links":{"self":[{"href":"https:\/\/www.urfabugun.com\/index.php\/wp-json\/wp\/v2\/posts\/11066","targetHints":{"allow":["GET"]}}],"collection":[{"href":"https:\/\/www.urfabugun.com\/index.php\/wp-json\/wp\/v2\/posts"}],"about":[{"href":"https:\/\/www.urfabugun.com\/index.php\/wp-json\/wp\/v2\/types\/post"}],"author":[{"embeddable":true,"href":"https:\/\/www.urfabugun.com\/index.php\/wp-json\/wp\/v2\/users\/2"}],"replies":[{"embeddable":true,"href":"https:\/\/www.urfabugun.com\/index.php\/wp-json\/wp\/v2\/comments?post=11066"}],"version-history":[{"count":0,"href":"https:\/\/www.urfabugun.com\/index.php\/wp-json\/wp\/v2\/posts\/11066\/revisions"}],"wp:featuredmedia":[{"embeddable":true,"href":"https:\/\/www.urfabugun.com\/index.php\/wp-json\/wp\/v2\/media\/11068"}],"wp:attachment":[{"href":"https:\/\/www.urfabugun.com\/index.php\/wp-json\/wp\/v2\/media?parent=11066"}],"wp:term":[{"taxonomy":"category","embeddable":true,"href":"https:\/\/www.urfabugun.com\/index.php\/wp-json\/wp\/v2\/categories?post=11066"},{"taxonomy":"post_tag","embeddable":true,"href":"https:\/\/www.urfabugun.com\/index.php\/wp-json\/wp\/v2\/tags?post=11066"},{"taxonomy":"manset","embeddable":true,"href":"https:\/\/www.urfabugun.com\/index.php\/wp-json\/wp\/v2\/manset?post=11066"}],"curies":[{"name":"wp","href":"https:\/\/api.w.org\/{rel}","templated":true}]}}