{"id":11070,"date":"2024-01-18T21:50:07","date_gmt":"2024-01-18T18:50:07","guid":{"rendered":"https:\/\/www.urfabugun.com\/?p=11070"},"modified":"2024-01-18T21:50:14","modified_gmt":"2024-01-18T18:50:14","slug":"astronotlar-uzay-aracina-hareket-etti","status":"publish","type":"post","link":"https:\/\/www.urfabugun.com\/index.php\/2024\/01\/18\/astronotlar-uzay-aracina-hareket-etti\/","title":{"rendered":"Astronotlar Uzay Arac\u0131na Hareket Etti!"},"content":{"rendered":"\n<p><\/p>\n\n\n\n<p><strong>Tarihi yolculuk i\u00e7in geri say\u0131m ba\u015flad\u0131.<\/strong><\/p>\n\n\n\n<p>T\u00fcrkiye&#8217;nin ilk uzay yolcusu Alper Gezeravc\u0131&#8217;n\u0131n da aralar\u0131nda bulundu\u011fu Ax-3 m\u00fcrettebat\u0131, bu gece yar\u0131s\u0131 TS\u0130 00.49&#8217;da ger\u00e7ekle\u015ftirilecek f\u0131rlatma \u00f6ncesinde aileleriyle vedala\u015farak, kendilerini Uluslararas\u0131 Uzay \u0130stasyonu&#8217;na (ISS) ta\u015f\u0131yacak SpaceX&#8217;e ait uzay arac\u0131na hareket etti.<\/p>\n","protected":false},"excerpt":{"rendered":"<p>Tarihi yolculuk i\u00e7in geri say\u0131m ba\u015flad\u0131. T\u00fcrkiye&#8217;nin ilk uzay yolcusu Alper Gezeravc\u0131&#8217;n\u0131n da aralar\u0131nda bulundu\u011fu Ax-3&#46;&#46;&#46;<\/p>\n","protected":false},"author":2,"featured_media":11072,"comment_status":"open","ping_status":"open","sticky":false,"template":"","format":"standard","meta":{"inline_featured_image":false,"footnotes":""},"categories":[82,78],"tags":[3313,131,107],"manset":[],"class_list":["post-11070","post","type-post","status-publish","format-standard","has-post-thumbnail","hentry","category-gundem-haberleri","category-dunya-haberleri","tag-astronotlar-uzay-aracina-hareket-etti","tag-son-dakika","tag-ub"],"_links":{"self":[{"href":"https:\/\/www.urfabugun.com\/index.php\/wp-json\/wp\/v2\/posts\/11070","targetHints":{"allow":["GET"]}}],"collection":[{"href":"https:\/\/www.urfabugun.com\/index.php\/wp-json\/wp\/v2\/posts"}],"about":[{"href":"https:\/\/www.urfabugun.com\/index.php\/wp-json\/wp\/v2\/types\/post"}],"author":[{"embeddable":true,"href":"https:\/\/www.urfabugun.com\/index.php\/wp-json\/wp\/v2\/users\/2"}],"replies":[{"embeddable":true,"href":"https:\/\/www.urfabugun.com\/index.php\/wp-json\/wp\/v2\/comments?post=11070"}],"version-history":[{"count":0,"href":"https:\/\/www.urfabugun.com\/index.php\/wp-json\/wp\/v2\/posts\/11070\/revisions"}],"wp:featuredmedia":[{"embeddable":true,"href":"https:\/\/www.urfabugun.com\/index.php\/wp-json\/wp\/v2\/media\/11072"}],"wp:attachment":[{"href":"https:\/\/www.urfabugun.com\/index.php\/wp-json\/wp\/v2\/media?parent=11070"}],"wp:term":[{"taxonomy":"category","embeddable":true,"href":"https:\/\/www.urfabugun.com\/index.php\/wp-json\/wp\/v2\/categories?post=11070"},{"taxonomy":"post_tag","embeddable":true,"href":"https:\/\/www.urfabugun.com\/index.php\/wp-json\/wp\/v2\/tags?post=11070"},{"taxonomy":"manset","embeddable":true,"href":"https:\/\/www.urfabugun.com\/index.php\/wp-json\/wp\/v2\/manset?post=11070"}],"curies":[{"name":"wp","href":"https:\/\/api.w.org\/{rel}","templated":true}]}}