{"id":11097,"date":"2024-01-19T09:38:08","date_gmt":"2024-01-19T06:38:08","guid":{"rendered":"https:\/\/www.urfabugun.com\/?p=11097"},"modified":"2024-01-19T09:38:15","modified_gmt":"2024-01-19T06:38:15","slug":"baskan-canpolattan-yariyil-tatili-mesaji","status":"publish","type":"post","link":"https:\/\/www.urfabugun.com\/index.php\/2024\/01\/19\/baskan-canpolattan-yariyil-tatili-mesaji\/","title":{"rendered":"Ba\u015fkan Canpolat\u2019tan Yar\u0131y\u0131l Tatili Mesaj\u0131!"},"content":{"rendered":"\n<p><\/p>\n\n\n\n<p><\/p>\n\n\n\n<p>Haliliye Belediye Ba\u015fkan\u0131 Mehmet Canpolat, 2023- 2024 e\u011fitim \u00f6\u011fretim y\u0131l\u0131n\u0131n ara tatili dolay\u0131s\u0131yla mesaj yay\u0131mlad\u0131.<\/p>\n\n\n\n<p>Ba\u015fkan Mehmet Canpolat, yay\u0131mlad\u0131\u011f\u0131 mesaj\u0131nda \u015fu ifadelere yer verdi:<\/p>\n\n\n\n<p>\u201cGelece\u011fimizin teminat\u0131 olan \u00e7ocuklar\u0131m\u0131z\u0131n ve gen\u00e7lerimizin, 2023- 2024 e\u011fitim ve \u00f6\u011fretim hayat\u0131ndaki birinci d\u00f6nem karnelerini almalar\u0131n\u0131 sevin\u00e7le kar\u015f\u0131l\u0131yor ve mutluluklar\u0131na ortak oluyoruz. Biliyoruz ki, kentimizi kendimizden sonra emanet edebilece\u011fimiz p\u0131r\u0131l p\u0131r\u0131l ve \u00e7al\u0131\u015fkan bir nesil var. Bizler, Haliliye Belediyesi olarak bug\u00fcne kadar \u00f6\u011frencilerimize kitap, k\u0131rtasiye da\u011f\u0131t\u0131m\u0131nda bulunmakla beraber gen\u00e7lerimiz i\u00e7in a\u00e7t\u0131\u011f\u0131m\u0131z okuma salonlar\u0131 ve haz\u0131rl\u0131k kurslar\u0131 ile e\u011fitime katk\u0131da bulunmaya \u00e7al\u0131\u015ft\u0131k. \u00c7\u00fcnk\u00fc bizim g\u00f6revlerimizden biri de il\u00e7emizdeki \u00e7ocuklar\u0131m\u0131za e\u011fitim ve \u00f6\u011fretim hayatlar\u0131nda imkanlar sunabilmektir. YKS, POMEM, BESYO hayali kuran t\u00fcm gen\u00e7lerimiz i\u00e7in \u00fcniversite basama\u011f\u0131nda ba\u015flatt\u0131\u011f\u0131m\u0131z e\u011fitim seferberli\u011fini ilk g\u00fcnk\u00fc gibi s\u00fcrd\u00fcr\u00fcyoruz. Bug\u00fcn karnelerini alan \u00e7ocuklar\u0131m\u0131zdan tek iste\u011fim \u015fudur, tatil; dinlenme anlam\u0131na gelir ancak bu, eksik dersleri telafi edebilmek i\u00e7in sunulan bir f\u0131rsatt\u0131r. Dolay\u0131s\u0131yla tatilde bol bol dinlenirken, ayn\u0131 zamanda eksiklerimizi tamamlamak i\u00e7in de plan yapmal\u0131y\u0131z. Anne-babalar\u0131n da; karne sonucu ne olursa olsun evlatlar\u0131n\u0131n yan\u0131nda olmalar\u0131n\u0131, varsa e\u011fer bir sorun bunu birlikte \u00e7\u00f6zme aray\u0131\u015f\u0131na girmelerini, \u00e7ocuklar\u0131 birbirleriyle k\u0131yaslamamalar\u0131 ve her \u00f6\u011frencinin belli bir alanda ba\u015far\u0131l\u0131 olaca\u011f\u0131 ger\u00e7e\u011fini g\u00f6z \u00f6n\u00fcnde bulundurmalar\u0131n\u0131 rica ediyorum. \u00c7\u00fcnk\u00fc; \u00e7ocuklar\u0131m\u0131z bizim gelece\u011fimizin teminat\u0131d\u0131r. Bu vesile ile \u00fclkemizi yar\u0131nlara ta\u015f\u0131yacak olan \u00f6\u011frencilerimizi ve onlar\u0131 hayata haz\u0131rlayan \u00f6\u011fretmenlerimizi tebrik ediyor, ba\u015far\u0131lar diliyorum.\u201d<\/p>\n","protected":false},"excerpt":{"rendered":"<p>Haliliye Belediye Ba\u015fkan\u0131 Mehmet Canpolat, 2023- 2024 e\u011fitim \u00f6\u011fretim y\u0131l\u0131n\u0131n ara tatili dolay\u0131s\u0131yla mesaj yay\u0131mlad\u0131. Ba\u015fkan&#46;&#46;&#46;<\/p>\n","protected":false},"author":2,"featured_media":11099,"comment_status":"open","ping_status":"open","sticky":false,"template":"","format":"standard","meta":{"inline_featured_image":false,"footnotes":""},"categories":[82],"tags":[3321,131,107],"manset":[],"class_list":["post-11097","post","type-post","status-publish","format-standard","has-post-thumbnail","hentry","category-gundem-haberleri","tag-baskan-canpolattan-yariyil-tatili-mesaji","tag-son-dakika","tag-ub"],"_links":{"self":[{"href":"https:\/\/www.urfabugun.com\/index.php\/wp-json\/wp\/v2\/posts\/11097","targetHints":{"allow":["GET"]}}],"collection":[{"href":"https:\/\/www.urfabugun.com\/index.php\/wp-json\/wp\/v2\/posts"}],"about":[{"href":"https:\/\/www.urfabugun.com\/index.php\/wp-json\/wp\/v2\/types\/post"}],"author":[{"embeddable":true,"href":"https:\/\/www.urfabugun.com\/index.php\/wp-json\/wp\/v2\/users\/2"}],"replies":[{"embeddable":true,"href":"https:\/\/www.urfabugun.com\/index.php\/wp-json\/wp\/v2\/comments?post=11097"}],"version-history":[{"count":0,"href":"https:\/\/www.urfabugun.com\/index.php\/wp-json\/wp\/v2\/posts\/11097\/revisions"}],"wp:featuredmedia":[{"embeddable":true,"href":"https:\/\/www.urfabugun.com\/index.php\/wp-json\/wp\/v2\/media\/11099"}],"wp:attachment":[{"href":"https:\/\/www.urfabugun.com\/index.php\/wp-json\/wp\/v2\/media?parent=11097"}],"wp:term":[{"taxonomy":"category","embeddable":true,"href":"https:\/\/www.urfabugun.com\/index.php\/wp-json\/wp\/v2\/categories?post=11097"},{"taxonomy":"post_tag","embeddable":true,"href":"https:\/\/www.urfabugun.com\/index.php\/wp-json\/wp\/v2\/tags?post=11097"},{"taxonomy":"manset","embeddable":true,"href":"https:\/\/www.urfabugun.com\/index.php\/wp-json\/wp\/v2\/manset?post=11097"}],"curies":[{"name":"wp","href":"https:\/\/api.w.org\/{rel}","templated":true}]}}