{"id":11169,"date":"2024-01-24T10:03:51","date_gmt":"2024-01-24T07:03:51","guid":{"rendered":"https:\/\/www.urfabugun.com\/?p=11169"},"modified":"2024-01-24T10:03:59","modified_gmt":"2024-01-24T07:03:59","slug":"sanliurfada-kaza-3-kisi-hayatini-kaybetti-2-kisi-yaralandi","status":"publish","type":"post","link":"https:\/\/www.urfabugun.com\/index.php\/2024\/01\/24\/sanliurfada-kaza-3-kisi-hayatini-kaybetti-2-kisi-yaralandi\/","title":{"rendered":"\u015eanl\u0131urfa&#8217;da Kaza: 3 Ki\u015fi Hayat\u0131n\u0131 Kaybetti, 2 Ki\u015fi Yaraland\u0131!"},"content":{"rendered":"\n<p><\/p>\n\n\n\n<p><strong>\u015eanl\u0131urfa&#8217;da otomobil ile t\u0131r\u0131n \u00e7arp\u0131\u015fmas\u0131 sonucu 3 ki\u015fi hayat\u0131n\u0131 kaybetti, 2 ki\u015fi yaraland\u0131.<\/strong><\/p>\n\n\n\n<p>Mehmet S\u00fcmer idaresindeki otomobil \u015eanl\u0131urfa &#8211; Mardin kara yolunun 25&#8217;inci kilometresindeki \u015eenocak kav\u015fa\u011f\u0131nda Yusuf \u00c7e\u00e7en y\u00f6netimindeki t\u0131r ile \u00e7arp\u0131\u015ft\u0131. \u00c7evredekilerin ihbar\u0131 \u00fczerine b\u00f6lgeye sa\u011fl\u0131k, itfaiye ve jandarma ekipleri y\u00f6nlendirildi.<\/p>\n\n\n\n<p>Ekipler, otomobil s\u00fcr\u00fcc\u00fcs\u00fc Mehmet S\u00fcmer ile beraberindeki Muharrem G\u00fczel ve Sefa Sabuncu&#8217;nun hayat\u0131n\u0131 kaybetti\u011fini belirledi. Yaralanan Burhan S\u00fcmer ile Ahmet Uluda\u011f, 112 Acil Servis ekiplerince kentteki \u00e7e\u015fitli hastanelere kald\u0131r\u0131ld\u0131.<\/p>\n\n\n\n<p>T\u0131r s\u00fcr\u00fcc\u00fcs\u00fc ise jandarma ekiplerince g\u00f6zalt\u0131na al\u0131nd\u0131.<\/p>\n\n\n\n<p>Kaza nedeniyle kontroll\u00fc sa\u011flanan trafik, ara\u00e7lar\u0131n \u00e7ekilmesinin ard\u0131ndan normale d\u00f6nd\u00fc.<\/p>\n","protected":false},"excerpt":{"rendered":"<p>\u015eanl\u0131urfa&#8217;da otomobil ile t\u0131r\u0131n \u00e7arp\u0131\u015fmas\u0131 sonucu 3 ki\u015fi hayat\u0131n\u0131 kaybetti, 2 ki\u015fi yaraland\u0131. Mehmet S\u00fcmer idaresindeki&#46;&#46;&#46;<\/p>\n","protected":false},"author":2,"featured_media":11171,"comment_status":"open","ping_status":"open","sticky":false,"template":"","format":"standard","meta":{"inline_featured_image":false,"footnotes":""},"categories":[75],"tags":[3010,118,3343,131,107],"manset":[],"class_list":["post-11169","post","type-post","status-publish","format-standard","has-post-thumbnail","hentry","category-asayis-haberleri","tag-2-kisi-yaralandi","tag-sanliurfa","tag-sanliurfada-kaza-3-kisi-hayatini-kaybetti","tag-son-dakika","tag-ub"],"_links":{"self":[{"href":"https:\/\/www.urfabugun.com\/index.php\/wp-json\/wp\/v2\/posts\/11169","targetHints":{"allow":["GET"]}}],"collection":[{"href":"https:\/\/www.urfabugun.com\/index.php\/wp-json\/wp\/v2\/posts"}],"about":[{"href":"https:\/\/www.urfabugun.com\/index.php\/wp-json\/wp\/v2\/types\/post"}],"author":[{"embeddable":true,"href":"https:\/\/www.urfabugun.com\/index.php\/wp-json\/wp\/v2\/users\/2"}],"replies":[{"embeddable":true,"href":"https:\/\/www.urfabugun.com\/index.php\/wp-json\/wp\/v2\/comments?post=11169"}],"version-history":[{"count":0,"href":"https:\/\/www.urfabugun.com\/index.php\/wp-json\/wp\/v2\/posts\/11169\/revisions"}],"wp:featuredmedia":[{"embeddable":true,"href":"https:\/\/www.urfabugun.com\/index.php\/wp-json\/wp\/v2\/media\/11171"}],"wp:attachment":[{"href":"https:\/\/www.urfabugun.com\/index.php\/wp-json\/wp\/v2\/media?parent=11169"}],"wp:term":[{"taxonomy":"category","embeddable":true,"href":"https:\/\/www.urfabugun.com\/index.php\/wp-json\/wp\/v2\/categories?post=11169"},{"taxonomy":"post_tag","embeddable":true,"href":"https:\/\/www.urfabugun.com\/index.php\/wp-json\/wp\/v2\/tags?post=11169"},{"taxonomy":"manset","embeddable":true,"href":"https:\/\/www.urfabugun.com\/index.php\/wp-json\/wp\/v2\/manset?post=11169"}],"curies":[{"name":"wp","href":"https:\/\/api.w.org\/{rel}","templated":true}]}}