{"id":11209,"date":"2024-01-25T19:00:12","date_gmt":"2024-01-25T16:00:12","guid":{"rendered":"https:\/\/www.urfabugun.com\/?p=11209"},"modified":"2024-01-25T19:00:20","modified_gmt":"2024-01-25T16:00:20","slug":"aman-dikkat-meteorolojiden-sanliurfa-icin-kuvvetli-kar-uyarisi","status":"publish","type":"post","link":"https:\/\/www.urfabugun.com\/index.php\/2024\/01\/25\/aman-dikkat-meteorolojiden-sanliurfa-icin-kuvvetli-kar-uyarisi\/","title":{"rendered":"Aman Dikkat: Meteoroloji\u2019den \u015eanl\u0131urfa \u0130\u00e7in Kuvvetli Kar Uyar\u0131s\u0131!"},"content":{"rendered":"\n<p><\/p>\n\n\n\n<p><strong>\u015eanl\u0131urfa B\u00fcy\u00fck\u015fehir Belediyesi \u015eanl\u0131urfa i\u00e7in yo\u011fun kar ve \u015fiddetli ya\u011fmur uyar\u0131s\u0131nda bulundu.<\/strong><\/p>\n\n\n\n<p>Kar ya\u011f\u0131\u015f\u0131 ve ya\u011fmur ya\u011f\u0131\u015f\u0131, sabah saatlerinde \u015eanl\u0131urfa&#8217;n\u0131n kuzeyi (Haliliye, Halfeti, Hilvan, Karak\u00f6pr\u00fc, Siverek, Viran\u015fehir, Bozova) kuvvetli karla kar\u0131\u015f\u0131k ya\u011fmur ve kar ya\u011f\u0131\u015f\u0131, \u015eanl\u0131urfa&#8217;n\u0131n g\u00fcneyi (Eyy\u00fcbiye, Harran, Ak\u00e7akale, Suru\u00e7, Birecik, Ceylanp\u0131nar) kuvvetli ya\u011fmur ve sa\u011fanak ya\u011f\u0131\u015f beklendi\u011fi bildirildi.<\/p>\n","protected":false},"excerpt":{"rendered":"<p>\u015eanl\u0131urfa B\u00fcy\u00fck\u015fehir Belediyesi \u015eanl\u0131urfa i\u00e7in yo\u011fun kar ve \u015fiddetli ya\u011fmur uyar\u0131s\u0131nda bulundu. Kar ya\u011f\u0131\u015f\u0131 ve ya\u011fmur&#46;&#46;&#46;<\/p>\n","protected":false},"author":2,"featured_media":11211,"comment_status":"open","ping_status":"open","sticky":false,"template":"","format":"standard","meta":{"inline_featured_image":false,"footnotes":""},"categories":[92],"tags":[3354,118,131,107,608],"manset":[],"class_list":["post-11209","post","type-post","status-publish","format-standard","has-post-thumbnail","hentry","category-yasam-haberleri","tag-aman-dikkat-meteorolojiden-sanliurfa-icin-kuvvetli-kar-uyarisi","tag-sanliurfa","tag-son-dakika","tag-ub","tag-urfa-bugun"],"_links":{"self":[{"href":"https:\/\/www.urfabugun.com\/index.php\/wp-json\/wp\/v2\/posts\/11209","targetHints":{"allow":["GET"]}}],"collection":[{"href":"https:\/\/www.urfabugun.com\/index.php\/wp-json\/wp\/v2\/posts"}],"about":[{"href":"https:\/\/www.urfabugun.com\/index.php\/wp-json\/wp\/v2\/types\/post"}],"author":[{"embeddable":true,"href":"https:\/\/www.urfabugun.com\/index.php\/wp-json\/wp\/v2\/users\/2"}],"replies":[{"embeddable":true,"href":"https:\/\/www.urfabugun.com\/index.php\/wp-json\/wp\/v2\/comments?post=11209"}],"version-history":[{"count":0,"href":"https:\/\/www.urfabugun.com\/index.php\/wp-json\/wp\/v2\/posts\/11209\/revisions"}],"wp:featuredmedia":[{"embeddable":true,"href":"https:\/\/www.urfabugun.com\/index.php\/wp-json\/wp\/v2\/media\/11211"}],"wp:attachment":[{"href":"https:\/\/www.urfabugun.com\/index.php\/wp-json\/wp\/v2\/media?parent=11209"}],"wp:term":[{"taxonomy":"category","embeddable":true,"href":"https:\/\/www.urfabugun.com\/index.php\/wp-json\/wp\/v2\/categories?post=11209"},{"taxonomy":"post_tag","embeddable":true,"href":"https:\/\/www.urfabugun.com\/index.php\/wp-json\/wp\/v2\/tags?post=11209"},{"taxonomy":"manset","embeddable":true,"href":"https:\/\/www.urfabugun.com\/index.php\/wp-json\/wp\/v2\/manset?post=11209"}],"curies":[{"name":"wp","href":"https:\/\/api.w.org\/{rel}","templated":true}]}}