{"id":11221,"date":"2024-01-26T11:59:19","date_gmt":"2024-01-26T08:59:19","guid":{"rendered":"https:\/\/www.urfabugun.com\/?p=11221"},"modified":"2024-01-26T11:59:26","modified_gmt":"2024-01-26T08:59:26","slug":"yolcu-otobusu-devrildi-6-kisi-hayatini-kaybetti-33-yarali","status":"publish","type":"post","link":"https:\/\/www.urfabugun.com\/index.php\/2024\/01\/26\/yolcu-otobusu-devrildi-6-kisi-hayatini-kaybetti-33-yarali\/","title":{"rendered":"Yolcu Otob\u00fcs\u00fc Devrildi: 6 Ki\u015fi Hayat\u0131n\u0131 Kaybetti, 33 Yaral\u0131!"},"content":{"rendered":"\n<p><\/p>\n\n\n\n<p><strong>Kastamonu&#8217;nun Ta\u015fk\u00f6pr\u00fc il\u00e7esinde, yolcu otob\u00fcs\u00fcn\u00fcn tarlaya devrilmesi sonucu 6 ki\u015fi ya\u015fam\u0131n\u0131 yitirdi, 33 ki\u015fi yaraland\u0131.<\/strong><\/p>\n\n\n\n<p>Orhan \u00c7elik idaresindeki yolcu otob\u00fcs\u00fc, Alatarla k\u00f6y\u00fc mevkisinde tarlaya devrildi.<\/p>\n\n\n\n<p>\u0130hbar \u00fczerine olay yerine \u00e7ok say\u0131da jandarma, itfaiye ve sa\u011fl\u0131k ekibi sevk edildi.<\/p>\n\n\n\n<p>Kazada 6 ki\u015fi hayat\u0131n\u0131 kaybetti, 3&#8217;\u00fc a\u011f\u0131r 33 ki\u015fi yaraland\u0131.<\/p>\n\n\n\n<p>Ekiplerin ara\u00e7tan \u00e7\u0131kard\u0131\u011f\u0131, aralar\u0131nda s\u00fcr\u00fcc\u00fcn\u00fcn de bulundu\u011fu yaral\u0131lar \u00e7evredeki hastanelere kald\u0131r\u0131ld\u0131.<\/p>\n\n\n\n<p>Ekiplerin yapt\u0131\u011f\u0131 incelemede, hayat\u0131n\u0131 kaybedenlerden \u00fc\u00e7\u00fcn\u00fcn \u015eerafettin \u00d6z, Mevl\u00fct Karaku\u015f ve Niyazi Ersoy oldu\u011fu belirlendi. Hayat\u0131n\u0131 kaybeden di\u011fer ki\u015filerin kimliklerinin belirlenmesi i\u00e7in \u00e7al\u0131\u015fmalar s\u00fcr\u00fcyor.<\/p>\n\n\n\n<p>Kazada yaralanan 33 ki\u015finin ise hastanelerde tedavisi devam ediyor.<\/p>\n","protected":false},"excerpt":{"rendered":"<p>Kastamonu&#8217;nun Ta\u015fk\u00f6pr\u00fc il\u00e7esinde, yolcu otob\u00fcs\u00fcn\u00fcn tarlaya devrilmesi sonucu 6 ki\u015fi ya\u015fam\u0131n\u0131 yitirdi, 33 ki\u015fi yaraland\u0131. Orhan&#46;&#46;&#46;<\/p>\n","protected":false},"author":2,"featured_media":11223,"comment_status":"open","ping_status":"open","sticky":false,"template":"","format":"standard","meta":{"inline_featured_image":false,"footnotes":""},"categories":[75],"tags":[3358,178,3359,118,139,107,3357],"manset":[],"class_list":["post-11221","post","type-post","status-publish","format-standard","has-post-thumbnail","hentry","category-asayis-haberleri","tag-33-yarali","tag-deprem","tag-kastamonu","tag-sanliurfa","tag-sondakika","tag-ub","tag-yolcu-otobusu-devrildi-6-kisi-hayatini-kaybetti"],"_links":{"self":[{"href":"https:\/\/www.urfabugun.com\/index.php\/wp-json\/wp\/v2\/posts\/11221","targetHints":{"allow":["GET"]}}],"collection":[{"href":"https:\/\/www.urfabugun.com\/index.php\/wp-json\/wp\/v2\/posts"}],"about":[{"href":"https:\/\/www.urfabugun.com\/index.php\/wp-json\/wp\/v2\/types\/post"}],"author":[{"embeddable":true,"href":"https:\/\/www.urfabugun.com\/index.php\/wp-json\/wp\/v2\/users\/2"}],"replies":[{"embeddable":true,"href":"https:\/\/www.urfabugun.com\/index.php\/wp-json\/wp\/v2\/comments?post=11221"}],"version-history":[{"count":0,"href":"https:\/\/www.urfabugun.com\/index.php\/wp-json\/wp\/v2\/posts\/11221\/revisions"}],"wp:featuredmedia":[{"embeddable":true,"href":"https:\/\/www.urfabugun.com\/index.php\/wp-json\/wp\/v2\/media\/11223"}],"wp:attachment":[{"href":"https:\/\/www.urfabugun.com\/index.php\/wp-json\/wp\/v2\/media?parent=11221"}],"wp:term":[{"taxonomy":"category","embeddable":true,"href":"https:\/\/www.urfabugun.com\/index.php\/wp-json\/wp\/v2\/categories?post=11221"},{"taxonomy":"post_tag","embeddable":true,"href":"https:\/\/www.urfabugun.com\/index.php\/wp-json\/wp\/v2\/tags?post=11221"},{"taxonomy":"manset","embeddable":true,"href":"https:\/\/www.urfabugun.com\/index.php\/wp-json\/wp\/v2\/manset?post=11221"}],"curies":[{"name":"wp","href":"https:\/\/api.w.org\/{rel}","templated":true}]}}