{"id":11244,"date":"2024-01-29T10:06:39","date_gmt":"2024-01-29T07:06:39","guid":{"rendered":"https:\/\/www.urfabugun.com\/?p=11244"},"modified":"2024-01-29T10:06:46","modified_gmt":"2024-01-29T07:06:46","slug":"altin-fiyatlari-haftaya-nasil-basladi-12","status":"publish","type":"post","link":"https:\/\/www.urfabugun.com\/index.php\/2024\/01\/29\/altin-fiyatlari-haftaya-nasil-basladi-12\/","title":{"rendered":"Alt\u0131n Fiyatlar\u0131 Haftaya Nas\u0131l Ba\u015flad\u0131?"},"content":{"rendered":"\n<p><\/p>\n\n\n\n<p><strong>Son iki haftay\u0131 \u00fcst \u00fcste d\u00fc\u015f\u00fc\u015fle kapatan alt\u0131n fiyatlar\u0131nda y\u00f6n merak ediliyor.<\/strong><\/p>\n\n\n\n<p>Pazar g\u00fcn\u00fc alt\u0131n fiyatlar\u0131nda ciddi bir d\u00fc\u015f\u00fc\u015f ya\u015fand\u0131; gram 1.953 TL&#8217;den, \u00e7eyrek ise 3.125 TL&#8217;den i\u015flem g\u00f6rd\u00fc. Ancak hafta ba\u015flang\u0131c\u0131yla alt\u0131n fiyatlar\u0131 yeniden y\u00fckseli\u015fe ge\u00e7ti ve gram alt\u0131n yeniden 2 bin TL s\u0131n\u0131r\u0131na dayand\u0131.<\/p>\n\n\n\n<p>GRAM ALTIN<\/p>\n\n\n\n<p>1.975,73<\/p>\n\n\n\n<p>1.976,07<\/p>\n\n\n\n<p>ALTIN\/ONS F\u0130YATI<\/p>\n\n\n\n<p>2.025,90<\/p>\n\n\n\n<p>2.026,14<\/p>\n\n\n\n<p>\u00c7EYREK ALTIN<\/p>\n\n\n\n<p>3.161,17<\/p>\n\n\n\n<p>3.230,87<\/p>\n\n\n\n<p>CUMHUR\u0130YET ALTINI<\/p>\n\n\n\n<p>12.644,67<\/p>\n\n\n\n<p>12.883,98<\/p>\n\n\n\n<p>YARIM ALTIN<\/p>\n\n\n\n<p>6.302,58<\/p>\n\n\n\n<p>6.461,75<\/p>\n","protected":false},"excerpt":{"rendered":"<p>Son iki haftay\u0131 \u00fcst \u00fcste d\u00fc\u015f\u00fc\u015fle kapatan alt\u0131n fiyatlar\u0131nda y\u00f6n merak ediliyor. Pazar g\u00fcn\u00fc alt\u0131n fiyatlar\u0131nda&#46;&#46;&#46;<\/p>\n","protected":false},"author":2,"featured_media":10955,"comment_status":"open","ping_status":"open","sticky":false,"template":"","format":"standard","meta":{"inline_featured_image":false,"footnotes":""},"categories":[80],"tags":[140,2842,249,118,131,107],"manset":[],"class_list":["post-11244","post","type-post","status-publish","format-standard","has-post-thumbnail","hentry","category-ekonomi-haberleri","tag-altin","tag-altin-fiyatlari-haftaya-nasil-basladi-3","tag-gram-altin-ne-kadar","tag-sanliurfa","tag-son-dakika","tag-ub"],"_links":{"self":[{"href":"https:\/\/www.urfabugun.com\/index.php\/wp-json\/wp\/v2\/posts\/11244","targetHints":{"allow":["GET"]}}],"collection":[{"href":"https:\/\/www.urfabugun.com\/index.php\/wp-json\/wp\/v2\/posts"}],"about":[{"href":"https:\/\/www.urfabugun.com\/index.php\/wp-json\/wp\/v2\/types\/post"}],"author":[{"embeddable":true,"href":"https:\/\/www.urfabugun.com\/index.php\/wp-json\/wp\/v2\/users\/2"}],"replies":[{"embeddable":true,"href":"https:\/\/www.urfabugun.com\/index.php\/wp-json\/wp\/v2\/comments?post=11244"}],"version-history":[{"count":0,"href":"https:\/\/www.urfabugun.com\/index.php\/wp-json\/wp\/v2\/posts\/11244\/revisions"}],"wp:featuredmedia":[{"embeddable":true,"href":"https:\/\/www.urfabugun.com\/index.php\/wp-json\/wp\/v2\/media\/10955"}],"wp:attachment":[{"href":"https:\/\/www.urfabugun.com\/index.php\/wp-json\/wp\/v2\/media?parent=11244"}],"wp:term":[{"taxonomy":"category","embeddable":true,"href":"https:\/\/www.urfabugun.com\/index.php\/wp-json\/wp\/v2\/categories?post=11244"},{"taxonomy":"post_tag","embeddable":true,"href":"https:\/\/www.urfabugun.com\/index.php\/wp-json\/wp\/v2\/tags?post=11244"},{"taxonomy":"manset","embeddable":true,"href":"https:\/\/www.urfabugun.com\/index.php\/wp-json\/wp\/v2\/manset?post=11244"}],"curies":[{"name":"wp","href":"https:\/\/api.w.org\/{rel}","templated":true}]}}