{"id":11256,"date":"2024-01-29T11:33:30","date_gmt":"2024-01-29T08:33:30","guid":{"rendered":"https:\/\/www.urfabugun.com\/?p=11256"},"modified":"2024-01-29T11:33:37","modified_gmt":"2024-01-29T08:33:37","slug":"zorunluluk-kalkiyor-evlenen-kadin-bekarlik-soyadini-kullanabilecek","status":"publish","type":"post","link":"https:\/\/www.urfabugun.com\/index.php\/2024\/01\/29\/zorunluluk-kalkiyor-evlenen-kadin-bekarlik-soyadini-kullanabilecek\/","title":{"rendered":"Zorunluluk Kalk\u0131yor: Evlenen Kad\u0131n Bek\u00e2rl\u0131k Soyad\u0131n\u0131 Kullanabilecek!"},"content":{"rendered":"\n<p><\/p>\n\n\n\n<p><strong>Anayasa Mahkemesi\u2019nin, evli kad\u0131na bek\u00e2rl\u0131k soyad\u0131 kullanma hakk\u0131 tan\u0131yan karar\u0131 bug\u00fcn y\u00fcr\u00fcrl\u00fc\u011fe giriyor. TBMM\u2019de aksi bir d\u00fczenleme yap\u0131lmad\u0131\u011f\u0131 takdirde evli kad\u0131nlar isterlerse bug\u00fcnden itibaren dava a\u00e7madan sadece kendi soyad\u0131n\u0131 ta\u015f\u0131yabilecek.<\/strong><\/p>\n\n\n\n<p>Anayasa Mahkemesi\u2019nin, T\u00fcrk Medeni Kanunu\u2019nun 187. maddesindeki \u201cevlenen kad\u0131n\u0131n kocas\u0131n\u0131n soyad\u0131n\u0131 alaca\u011f\u0131\u201d h\u00fckm\u00fcn\u00fc iptal eden karar\u0131 bug\u00fcn y\u00fcr\u00fcrl\u00fc\u011fe giriyor.<\/p>\n\n\n\n<p>G\u00f6zler ise AYM\u2019nin yasal bo\u015fluk do\u011fmamas\u0131 i\u00e7in tan\u0131d\u0131\u011f\u0131 dokuz ayl\u0131k s\u00fcre\u00e7te yeni d\u00fczenleme yapmayan TBMM\u2019ye \u00e7evrildi. TBMM\u2019nin bu s\u00fcrede yasal d\u00fczenlemeyi yapmas\u0131 gerekiyordu. Yeni yarg\u0131 paketi i\u00e7inde konunun ele al\u0131nmas\u0131 bekleniyor.<\/p>\n\n\n\n<p><strong>DAVA A\u00c7MAYA GEREK OLMAYACAK<\/strong><\/p>\n\n\n\n<p>Evli kad\u0131nlar iptal karar\u0131na aksi y\u00f6nde bir d\u00fczenleme yap\u0131lmazsa, bug\u00fcnden itibaren dava a\u00e7madan sadece bek\u00e2rl\u0131k soyadlar\u0131n\u0131 alabilecekler.<\/p>\n\n\n\n<p>Kad\u0131nlar\u0131n evlendirme memuruna veya daha sonra n\u00fcfus idaresine yapacaklar\u0131 yaz\u0131l\u0131 ba\u015fvuru yeterli olacak. \u0130ptal karar\u0131 y\u00fcr\u00fcrl\u00fc\u011fe girdi\u011fi i\u00e7in bug\u00fcn nik\u00e2h masas\u0131na oturan bir kad\u0131n evlendirme memuruna \u201cBen sadece bek\u00e2rl\u0131k soyad\u0131m\u0131 kullanmak istiyorum\u201d \u015feklinde talepte bulunabilecek.<\/p>\n\n\n\n<p><strong>\u0130STEYENE \u00c7\u0130FT SOYADI<\/strong><\/p>\n\n\n\n<p>Yeni yarg\u0131 paketiyle de AYM\u2019nin iptal karar\u0131 \u00e7ev\u00e7evesinde de\u011fi\u015fiklik yap\u0131l\u0131rsa, kad\u0131nlara evlendikten sonra dava a\u00e7mas\u0131na gerek kalmadan kendi talepleriyle sadece bek\u00e2rl\u0131k soyadlar\u0131n\u0131 kullanma hakk\u0131 tan\u0131nacak.<\/p>\n\n\n\n<p>H\u00fcrriyet\u2019in h\u00fck\u00fcmet kulislerinden edindi\u011fi bilgiye g\u00f6re ise TMK 187. maddede iptal karar\u0131 \u00f6ncesi bir d\u00fczenlemeye gidilmesi g\u00f6r\u00fc\u015f\u00fc a\u011f\u0131rl\u0131k kazand\u0131.<\/p>\n\n\n\n<p>Taslak d\u00fczenlemeye g\u00f6re, \u201cKad\u0131n evlenmekle kocas\u0131n\u0131n soyad\u0131n\u0131 al\u0131r, ancak evlendirme memuruna veya daha sonra n\u00fcfus idaresine yapaca\u011f\u0131 yaz\u0131l\u0131 ba\u015fvuruyla kocas\u0131n\u0131n soyad\u0131 \u00f6n\u00fcnde \u00f6nceki soyad\u0131n\u0131 da kullanabilir\u201d d\u00fczenlemesi kalacak. \u201cDaha \u00f6nce iki soyad\u0131 kullanan kad\u0131n, bu haktan sadece bir soyad\u0131 i\u00e7in yararlanabilir\u201d ibaresi \u00e7\u0131kar\u0131lacak ve bu s\u0131n\u0131rlama kald\u0131r\u0131lacak. Ancak, son s\u00f6z\u00fc TBMM s\u00f6yleyecek.<\/p>\n","protected":false},"excerpt":{"rendered":"<p>Anayasa Mahkemesi\u2019nin, evli kad\u0131na bek\u00e2rl\u0131k soyad\u0131 kullanma hakk\u0131 tan\u0131yan karar\u0131 bug\u00fcn y\u00fcr\u00fcrl\u00fc\u011fe giriyor. TBMM\u2019de aksi bir&#46;&#46;&#46;<\/p>\n","protected":false},"author":2,"featured_media":11258,"comment_status":"open","ping_status":"open","sticky":false,"template":"","format":"standard","meta":{"inline_featured_image":false,"footnotes":""},"categories":[82],"tags":[280,118,131,107,3370],"manset":[],"class_list":["post-11256","post","type-post","status-publish","format-standard","has-post-thumbnail","hentry","category-gundem-haberleri","tag-aym","tag-sanliurfa","tag-son-dakika","tag-ub","tag-zorunluluk-kalkiyor-evlenen-kadin-bekarlik-soyadini-kullanabilecek"],"_links":{"self":[{"href":"https:\/\/www.urfabugun.com\/index.php\/wp-json\/wp\/v2\/posts\/11256","targetHints":{"allow":["GET"]}}],"collection":[{"href":"https:\/\/www.urfabugun.com\/index.php\/wp-json\/wp\/v2\/posts"}],"about":[{"href":"https:\/\/www.urfabugun.com\/index.php\/wp-json\/wp\/v2\/types\/post"}],"author":[{"embeddable":true,"href":"https:\/\/www.urfabugun.com\/index.php\/wp-json\/wp\/v2\/users\/2"}],"replies":[{"embeddable":true,"href":"https:\/\/www.urfabugun.com\/index.php\/wp-json\/wp\/v2\/comments?post=11256"}],"version-history":[{"count":0,"href":"https:\/\/www.urfabugun.com\/index.php\/wp-json\/wp\/v2\/posts\/11256\/revisions"}],"wp:featuredmedia":[{"embeddable":true,"href":"https:\/\/www.urfabugun.com\/index.php\/wp-json\/wp\/v2\/media\/11258"}],"wp:attachment":[{"href":"https:\/\/www.urfabugun.com\/index.php\/wp-json\/wp\/v2\/media?parent=11256"}],"wp:term":[{"taxonomy":"category","embeddable":true,"href":"https:\/\/www.urfabugun.com\/index.php\/wp-json\/wp\/v2\/categories?post=11256"},{"taxonomy":"post_tag","embeddable":true,"href":"https:\/\/www.urfabugun.com\/index.php\/wp-json\/wp\/v2\/tags?post=11256"},{"taxonomy":"manset","embeddable":true,"href":"https:\/\/www.urfabugun.com\/index.php\/wp-json\/wp\/v2\/manset?post=11256"}],"curies":[{"name":"wp","href":"https:\/\/api.w.org\/{rel}","templated":true}]}}