{"id":11280,"date":"2024-01-30T11:00:47","date_gmt":"2024-01-30T08:00:47","guid":{"rendered":"https:\/\/www.urfabugun.com\/?p=11280"},"modified":"2024-01-30T11:00:54","modified_gmt":"2024-01-30T08:00:54","slug":"sanliurfada-aile-faciasi-baba-oglunu-oldurdu","status":"publish","type":"post","link":"https:\/\/www.urfabugun.com\/index.php\/2024\/01\/30\/sanliurfada-aile-faciasi-baba-oglunu-oldurdu\/","title":{"rendered":"\u015eanl\u0131urfa\u2019da Aile Facias\u0131: Baba O\u011flunu \u00d6ld\u00fcrd\u00fc!"},"content":{"rendered":"\n<p><\/p>\n\n\n\n<p><strong>\u015eanl\u0131urfa&#8217;da baba ve o\u011fulun tart\u0131\u015fmas\u0131 kanl\u0131 bitti. O\u011flunu tabancayla vurarak \u00f6ld\u00fcren baba, g\u00f6zalt\u0131na al\u0131nd\u0131.<\/strong><\/p>\n\n\n\n<p>Feci olay, il\u00e7eye ba\u011fl\u0131 Kar\u015f\u0131yaka Mahallesi\u2019nde gece saatlerinde meydana geldi. \u0130ddiaya g\u00f6re \u0130.H.B ile baba A. B. aras\u0131nda bilinmeyen bir nedenle tart\u0131\u015fma \u00e7\u0131kt\u0131.<\/p>\n\n\n\n<p>Tart\u0131\u015fman\u0131n b\u00fcy\u00fcmesi \u00fczerine baba A. B. o\u011flu \u0130.H.B\u2019ye ate\u015f a\u00e7t\u0131. Feci kavgada \u0130.H.B. hayat\u0131n\u0131 kaybetti.<\/p>\n\n\n\n<p>\u0130hbar \u00fczerine olay yerine gelen sa\u011fl\u0131k ekipleri \u0130.H.B\u2019nin cenazesini morga kald\u0131r\u0131l\u0131rken baba ise g\u00f6zalt\u0131na al\u0131nd\u0131.Ya\u015fanan olayla ilgili geni\u015f \u00e7apl\u0131 soru\u015fturma ba\u015flat\u0131ld\u0131<\/p>\n","protected":false},"excerpt":{"rendered":"<p>\u015eanl\u0131urfa&#8217;da baba ve o\u011fulun tart\u0131\u015fmas\u0131 kanl\u0131 bitti. O\u011flunu tabancayla vurarak \u00f6ld\u00fcren baba, g\u00f6zalt\u0131na al\u0131nd\u0131. Feci olay,&#46;&#46;&#46;<\/p>\n","protected":false},"author":2,"featured_media":11282,"comment_status":"open","ping_status":"open","sticky":false,"template":"","format":"standard","meta":{"inline_featured_image":false,"footnotes":""},"categories":[75],"tags":[184,3376,131,107],"manset":[],"class_list":["post-11280","post","type-post","status-publish","format-standard","has-post-thumbnail","hentry","category-asayis-haberleri","tag-asayis","tag-sanliurfada-aile-faciasi-baba-oglunu-oldurdu","tag-son-dakika","tag-ub"],"_links":{"self":[{"href":"https:\/\/www.urfabugun.com\/index.php\/wp-json\/wp\/v2\/posts\/11280","targetHints":{"allow":["GET"]}}],"collection":[{"href":"https:\/\/www.urfabugun.com\/index.php\/wp-json\/wp\/v2\/posts"}],"about":[{"href":"https:\/\/www.urfabugun.com\/index.php\/wp-json\/wp\/v2\/types\/post"}],"author":[{"embeddable":true,"href":"https:\/\/www.urfabugun.com\/index.php\/wp-json\/wp\/v2\/users\/2"}],"replies":[{"embeddable":true,"href":"https:\/\/www.urfabugun.com\/index.php\/wp-json\/wp\/v2\/comments?post=11280"}],"version-history":[{"count":0,"href":"https:\/\/www.urfabugun.com\/index.php\/wp-json\/wp\/v2\/posts\/11280\/revisions"}],"wp:featuredmedia":[{"embeddable":true,"href":"https:\/\/www.urfabugun.com\/index.php\/wp-json\/wp\/v2\/media\/11282"}],"wp:attachment":[{"href":"https:\/\/www.urfabugun.com\/index.php\/wp-json\/wp\/v2\/media?parent=11280"}],"wp:term":[{"taxonomy":"category","embeddable":true,"href":"https:\/\/www.urfabugun.com\/index.php\/wp-json\/wp\/v2\/categories?post=11280"},{"taxonomy":"post_tag","embeddable":true,"href":"https:\/\/www.urfabugun.com\/index.php\/wp-json\/wp\/v2\/tags?post=11280"},{"taxonomy":"manset","embeddable":true,"href":"https:\/\/www.urfabugun.com\/index.php\/wp-json\/wp\/v2\/manset?post=11280"}],"curies":[{"name":"wp","href":"https:\/\/api.w.org\/{rel}","templated":true}]}}