{"id":11321,"date":"2024-01-31T15:16:55","date_gmt":"2024-01-31T12:16:55","guid":{"rendered":"https:\/\/www.urfabugun.com\/?p=11321"},"modified":"2024-01-31T15:17:03","modified_gmt":"2024-01-31T12:17:03","slug":"yks-basvurulari-yarin-baslayacak","status":"publish","type":"post","link":"https:\/\/www.urfabugun.com\/index.php\/2024\/01\/31\/yks-basvurulari-yarin-baslayacak\/","title":{"rendered":"YKS Ba\u015fvurular\u0131 Yar\u0131n Ba\u015flayacak!"},"content":{"rendered":"\n<p><\/p>\n\n\n\n<p><strong>\u00d6l\u00e7me, Se\u00e7me ve Yerle\u015ftirme Merkezi Ba\u015fkanl\u0131\u011f\u0131 (\u00d6SYM) taraf\u0131ndan 8-9 Haziran 2024 tarihlerinde ger\u00e7ekle\u015ftirilecek Y\u00fcksek\u00f6\u011fretim Kurumlar\u0131 S\u0131nav\u0131 i\u00e7in ba\u015fvurular yar\u0131n ba\u015flayacak.<\/strong><\/p>\n\n\n\n<p>\u00d6SYM&#8217;den yap\u0131lan a\u00e7\u0131klamaya g\u00f6re, 8 Haziran&#8217;da Temel Yeterlilik Testi (TYT), 9 Haziran sabah oturumunda Alan Yeterlilik Testleri (AYT), \u00f6\u011fleden sonra oturumunda ise Yabanc\u0131 Dil Testi (YDT) uygulanacak.<\/p>\n\n\n\n<p>S\u0131nav i\u00e7in yar\u0131n ba\u015flayacak ba\u015fvurular, 26 \u015eubat tarihine kadar devam edecek.<\/p>\n\n\n\n<p>Adaylar ba\u015fvurular\u0131n\u0131, elektronik ortamda \u00d6SYM Ba\u015fvuru Merkezleri arac\u0131l\u0131\u011f\u0131yla veya bireysel olarak \u00d6SYM&#8217;nin &#8220;https:\/\/ais.osym.gov.tr&#8221; adresinden yapabilecek.<\/p>\n\n\n\n<p>S\u0131nava ili\u015fkin ayr\u0131nt\u0131l\u0131 bilgi edinmek isteyen adaylar, 2024-Y\u00fcksek\u00f6\u011fretim Kurumlar\u0131 S\u0131nav\u0131 (YKS) K\u0131lavuzuna \u00d6SYM&#8217;nin internet sitesinden eri\u015febilecek.<\/p>\n","protected":false},"excerpt":{"rendered":"<p>\u00d6l\u00e7me, Se\u00e7me ve Yerle\u015ftirme Merkezi Ba\u015fkanl\u0131\u011f\u0131 (\u00d6SYM) taraf\u0131ndan 8-9 Haziran 2024 tarihlerinde ger\u00e7ekle\u015ftirilecek Y\u00fcksek\u00f6\u011fretim Kurumlar\u0131 S\u0131nav\u0131&#46;&#46;&#46;<\/p>\n","protected":false},"author":2,"featured_media":11323,"comment_status":"open","ping_status":"open","sticky":false,"template":"","format":"standard","meta":{"inline_featured_image":false,"footnotes":""},"categories":[79],"tags":[118,131,107,608,93,3388],"manset":[],"class_list":["post-11321","post","type-post","status-publish","format-standard","has-post-thumbnail","hentry","category-egitim-haberleri","tag-sanliurfa","tag-son-dakika","tag-ub","tag-urfa-bugun","tag-ust","tag-yks-basvurulari-yarin-baslayacak"],"_links":{"self":[{"href":"https:\/\/www.urfabugun.com\/index.php\/wp-json\/wp\/v2\/posts\/11321","targetHints":{"allow":["GET"]}}],"collection":[{"href":"https:\/\/www.urfabugun.com\/index.php\/wp-json\/wp\/v2\/posts"}],"about":[{"href":"https:\/\/www.urfabugun.com\/index.php\/wp-json\/wp\/v2\/types\/post"}],"author":[{"embeddable":true,"href":"https:\/\/www.urfabugun.com\/index.php\/wp-json\/wp\/v2\/users\/2"}],"replies":[{"embeddable":true,"href":"https:\/\/www.urfabugun.com\/index.php\/wp-json\/wp\/v2\/comments?post=11321"}],"version-history":[{"count":0,"href":"https:\/\/www.urfabugun.com\/index.php\/wp-json\/wp\/v2\/posts\/11321\/revisions"}],"wp:featuredmedia":[{"embeddable":true,"href":"https:\/\/www.urfabugun.com\/index.php\/wp-json\/wp\/v2\/media\/11323"}],"wp:attachment":[{"href":"https:\/\/www.urfabugun.com\/index.php\/wp-json\/wp\/v2\/media?parent=11321"}],"wp:term":[{"taxonomy":"category","embeddable":true,"href":"https:\/\/www.urfabugun.com\/index.php\/wp-json\/wp\/v2\/categories?post=11321"},{"taxonomy":"post_tag","embeddable":true,"href":"https:\/\/www.urfabugun.com\/index.php\/wp-json\/wp\/v2\/tags?post=11321"},{"taxonomy":"manset","embeddable":true,"href":"https:\/\/www.urfabugun.com\/index.php\/wp-json\/wp\/v2\/manset?post=11321"}],"curies":[{"name":"wp","href":"https:\/\/api.w.org\/{rel}","templated":true}]}}