{"id":11325,"date":"2024-01-31T21:48:10","date_gmt":"2024-01-31T18:48:10","guid":{"rendered":"https:\/\/www.urfabugun.com\/?p=11325"},"modified":"2024-01-31T21:48:59","modified_gmt":"2024-01-31T18:48:59","slug":"bekir-bozdagdan-cevap-beni-yolumdan-davamdan-kimse-alikoyamaz","status":"publish","type":"post","link":"https:\/\/www.urfabugun.com\/index.php\/2024\/01\/31\/bekir-bozdagdan-cevap-beni-yolumdan-davamdan-kimse-alikoyamaz\/","title":{"rendered":"Bekir Bozda\u011f&#8217;dan Cevap: \u201cBeni Yolumdan, Davamdan Kimse Al\u0131koyamaz\u201d!"},"content":{"rendered":"\n<p><\/p>\n\n\n\n<p><strong>Can Atalay&#8217;\u0131n milletvekilli\u011finin d\u00fc\u015f\u00fcr\u00fcld\u00fc\u011f\u00fc karar\u0131 okuyan AK Parti&#8217;li Bekir Bozda\u011f, 13 y\u0131l \u00f6nce FET\u00d6 eleba\u015f\u0131 G\u00fclen hakk\u0131ndaki s\u00f6zleri nedeniyle y\u00f6neltilen ele\u015ftirilere tepki g\u00f6sterdi.<\/strong><\/p>\n\n\n\n<p>T\u00fcrkiye \u0130\u00e7i Partisi Hatay Milletvekili Can Atalay&#8217;\u0131n milletvekilli\u011finin d\u00fc\u015f\u00fcr\u00fclmesine ili\u015fkin Yarg\u0131tay karar\u0131n\u0131 okuyan AK Parti TBMM Ba\u015fkanvekili Bekir Bozda\u011f, kendisi hakk\u0131ndaki FET\u00d6 ele\u015ftirilerine cevap verdi.<\/p>\n\n\n\n<p>2011 y\u0131l\u0131nda FET\u00d6 eleba\u015f\u0131 G\u00fclen hakk\u0131ndaki s\u00f6zleri nedeniyle ele\u015ftirilen Bozda\u011f, kendisine haks\u0131z ithamda bulunuldu\u011funu s\u00f6yledi. Yap\u0131lanlara tarafs\u0131z olmak i\u00e7in cevap vermedi\u011fini belirten Bozda\u011f, &#8220;Konu\u015fmad\u0131m ama s\u00fcrekli tekrarlan\u0131yor. Belli ki Can Atalay unutuldu, Bekir Bozda\u011f \u00fczerinden bir \u015fey yap\u0131l\u0131yor&#8221; ifadelerini kulland\u0131.<\/p>\n\n\n\n<p>&#8220;<strong>DAHA SONRA S\u00d6YLED\u0130KLER\u0130M\u0130 YOK SAYMAK HAKSIZLIK&#8221;<\/strong><br>Fethullah G\u00fclen&#8217;in FET\u00d6&#8217;n\u00fcn eleba\u015f\u0131 oldu\u011funu vurgulayan Bekir Bozda\u011f, &#8220;Kendisi bir ter\u00f6r \u00f6rg\u00fct\u00fcn\u00fcn y\u00f6neticisi, kurucusudur. Eli kanl\u0131 bir katildir. Bunu defalarca s\u00f6yledim ama 2011&#8217;de, 13 sene \u00f6nce s\u00f6ylenmi\u015f bir s\u00f6z\u00fc s\u00fcrekli getirip benim daha sonra s\u00f6ylediklerimi yok saymak b\u00fcy\u00fck bir haks\u0131zl\u0131k&#8221; \u015feklinde konu\u015ftu.<\/p>\n\n\n\n<p><strong>&#8220;FET\u00d6&#8217;C\u00dcLER\u0130N AYIKLANMASINDA FEDAKARLIK YAPTIK&#8221;<\/strong><br>Devlet kurumlar\u0131na s\u0131zan FET\u00d6 \u00fcyelerinin ay\u0131klanmas\u0131yla ilgili de konu\u015fan Bozda\u011f, s\u00f6zlerine \u015f\u00f6yle devam etti:<\/p>\n\n\n\n<p>&#8220;Ter\u00f6r vasf\u0131 olmad\u0131\u011f\u0131 d\u00f6nemlerde herkesin s\u00f6ylediklerini bir \u00e7\u0131kart\u0131rsak, yar\u0131\u015ft\u0131r\u0131rsak neler olur. Ama biz dershanelerin, medya organlar\u0131n\u0131n, e\u011fitimin kurumlar\u0131n\u0131n, derneklerin kapat\u0131lmas\u0131nda, yarg\u0131n\u0131n, adliyenin, emniyetin, ordunun, devletin b\u00fct\u00fcn kurumlar\u0131nda s\u0131zm\u0131\u015f ter\u00f6ristlerin temizlenmesinde b\u00fcy\u00fck fedakarl\u0131k yapt\u0131k.&#8221;<\/p>\n","protected":false},"excerpt":{"rendered":"<p>Can Atalay&#8217;\u0131n milletvekilli\u011finin d\u00fc\u015f\u00fcr\u00fcld\u00fc\u011f\u00fc karar\u0131 okuyan AK Parti&#8217;li Bekir Bozda\u011f, 13 y\u0131l \u00f6nce FET\u00d6 eleba\u015f\u0131 G\u00fclen&#46;&#46;&#46;<\/p>\n","protected":false},"author":2,"featured_media":11327,"comment_status":"open","ping_status":"open","sticky":false,"template":"","format":"standard","meta":{"inline_featured_image":false,"footnotes":""},"categories":[82],"tags":[3389,3390,118,131,137,107],"manset":[],"class_list":["post-11325","post","type-post","status-publish","format-standard","has-post-thumbnail","hentry","category-gundem-haberleri","tag-bekir-bozdagdan-cevap-beni-yolumdan","tag-davamdan-kimse-alikoyamaz","tag-sanliurfa","tag-son-dakika","tag-tbmm","tag-ub"],"_links":{"self":[{"href":"https:\/\/www.urfabugun.com\/index.php\/wp-json\/wp\/v2\/posts\/11325","targetHints":{"allow":["GET"]}}],"collection":[{"href":"https:\/\/www.urfabugun.com\/index.php\/wp-json\/wp\/v2\/posts"}],"about":[{"href":"https:\/\/www.urfabugun.com\/index.php\/wp-json\/wp\/v2\/types\/post"}],"author":[{"embeddable":true,"href":"https:\/\/www.urfabugun.com\/index.php\/wp-json\/wp\/v2\/users\/2"}],"replies":[{"embeddable":true,"href":"https:\/\/www.urfabugun.com\/index.php\/wp-json\/wp\/v2\/comments?post=11325"}],"version-history":[{"count":0,"href":"https:\/\/www.urfabugun.com\/index.php\/wp-json\/wp\/v2\/posts\/11325\/revisions"}],"wp:featuredmedia":[{"embeddable":true,"href":"https:\/\/www.urfabugun.com\/index.php\/wp-json\/wp\/v2\/media\/11327"}],"wp:attachment":[{"href":"https:\/\/www.urfabugun.com\/index.php\/wp-json\/wp\/v2\/media?parent=11325"}],"wp:term":[{"taxonomy":"category","embeddable":true,"href":"https:\/\/www.urfabugun.com\/index.php\/wp-json\/wp\/v2\/categories?post=11325"},{"taxonomy":"post_tag","embeddable":true,"href":"https:\/\/www.urfabugun.com\/index.php\/wp-json\/wp\/v2\/tags?post=11325"},{"taxonomy":"manset","embeddable":true,"href":"https:\/\/www.urfabugun.com\/index.php\/wp-json\/wp\/v2\/manset?post=11325"}],"curies":[{"name":"wp","href":"https:\/\/api.w.org\/{rel}","templated":true}]}}