{"id":11402,"date":"2024-02-04T09:48:54","date_gmt":"2024-02-04T06:48:54","guid":{"rendered":"https:\/\/www.urfabugun.com\/?p=11402"},"modified":"2024-02-04T09:49:00","modified_gmt":"2024-02-04T06:49:00","slug":"karakoprude-doner-dukkaninda-cikan-yangin-korkuttu","status":"publish","type":"post","link":"https:\/\/www.urfabugun.com\/index.php\/2024\/02\/04\/karakoprude-doner-dukkaninda-cikan-yangin-korkuttu\/","title":{"rendered":"Karak\u00f6pr\u00fc\u2019de D\u00f6ner D\u00fckkan\u0131nda \u00c7\u0131kan Yang\u0131n Korkuttu!"},"content":{"rendered":"\n<p><\/p>\n\n\n\n<p><strong>\u015eanl\u0131urfa\u2019n\u0131n Karak\u00f6pr\u00fc il\u00e7esinde bir d\u00f6nerci d\u00fckkan\u0131nda \u00e7\u0131kan yang\u0131n di\u011fer i\u015f yerlerine s\u0131\u00e7ramadan itfaiye ekiplerince s\u00f6nd\u00fcr\u00fcld\u00fc.<\/strong><\/p>\n\n\n\n<p>\u015eanl\u0131urfa\u2019n\u0131n Karak\u00f6pr\u00fc il\u00e7esine ba\u011fl\u0131 Atakent mahallesinde bulunan d\u00f6rderdi d\u00fckkan\u0131nda yang\u0131n \u00e7\u0131kt\u0131.<\/p>\n\n\n\n<p>Mahallelinin panik olmas\u0131n\u0131n ard\u0131ndan Durum 112 Acil \u00c7a\u011fr\u0131 Merkezi\u2019ne bildirildi.<\/p>\n\n\n\n<p>\u0130hbar \u00fczerine olay yerine itfaiye ekipleri sevk edildi.<\/p>\n\n\n\n<p>Olay yerine ula\u015fan ekipler taraf\u0131ndan \u00e7\u0131kan yang\u0131na m\u00fcdahale edilmesinin ard\u0131ndan bir s\u00fcre sonra \u00e7\u0131kan yang\u0131n s\u00f6nd\u00fcr\u00fcld\u00fc.<\/p>\n\n\n\n<p>\u015eans\u0131 eseri yang\u0131n\u0131nda yaralanan olmazken d\u00f6nerci d\u00fckkan\u0131nda b\u00fcy\u00fck hasar olu\u015ftu.<\/p>\n\n\n\n<p>Yang\u0131n\u0131n \u00e7\u0131k\u0131\u015f nedeni ise elektrik kayna\u011f\u0131ndan oldu\u011fu \u00f6\u011frenildi.<\/p>\n","protected":false},"excerpt":{"rendered":"<p>\u015eanl\u0131urfa\u2019n\u0131n Karak\u00f6pr\u00fc il\u00e7esinde bir d\u00f6nerci d\u00fckkan\u0131nda \u00e7\u0131kan yang\u0131n di\u011fer i\u015f yerlerine s\u0131\u00e7ramadan itfaiye ekiplerince s\u00f6nd\u00fcr\u00fcld\u00fc. \u015eanl\u0131urfa\u2019n\u0131n&#46;&#46;&#46;<\/p>\n","protected":false},"author":2,"featured_media":11404,"comment_status":"open","ping_status":"open","sticky":false,"template":"","format":"standard","meta":{"inline_featured_image":false,"footnotes":""},"categories":[75],"tags":[3412,131,107],"manset":[],"class_list":["post-11402","post","type-post","status-publish","format-standard","has-post-thumbnail","hentry","category-asayis-haberleri","tag-karakoprude-doner-dukkaninda-cikan-yangin-korkuttu","tag-son-dakika","tag-ub"],"_links":{"self":[{"href":"https:\/\/www.urfabugun.com\/index.php\/wp-json\/wp\/v2\/posts\/11402","targetHints":{"allow":["GET"]}}],"collection":[{"href":"https:\/\/www.urfabugun.com\/index.php\/wp-json\/wp\/v2\/posts"}],"about":[{"href":"https:\/\/www.urfabugun.com\/index.php\/wp-json\/wp\/v2\/types\/post"}],"author":[{"embeddable":true,"href":"https:\/\/www.urfabugun.com\/index.php\/wp-json\/wp\/v2\/users\/2"}],"replies":[{"embeddable":true,"href":"https:\/\/www.urfabugun.com\/index.php\/wp-json\/wp\/v2\/comments?post=11402"}],"version-history":[{"count":0,"href":"https:\/\/www.urfabugun.com\/index.php\/wp-json\/wp\/v2\/posts\/11402\/revisions"}],"wp:featuredmedia":[{"embeddable":true,"href":"https:\/\/www.urfabugun.com\/index.php\/wp-json\/wp\/v2\/media\/11404"}],"wp:attachment":[{"href":"https:\/\/www.urfabugun.com\/index.php\/wp-json\/wp\/v2\/media?parent=11402"}],"wp:term":[{"taxonomy":"category","embeddable":true,"href":"https:\/\/www.urfabugun.com\/index.php\/wp-json\/wp\/v2\/categories?post=11402"},{"taxonomy":"post_tag","embeddable":true,"href":"https:\/\/www.urfabugun.com\/index.php\/wp-json\/wp\/v2\/tags?post=11402"},{"taxonomy":"manset","embeddable":true,"href":"https:\/\/www.urfabugun.com\/index.php\/wp-json\/wp\/v2\/manset?post=11402"}],"curies":[{"name":"wp","href":"https:\/\/api.w.org\/{rel}","templated":true}]}}