{"id":11406,"date":"2024-02-04T09:59:43","date_gmt":"2024-02-04T06:59:43","guid":{"rendered":"https:\/\/www.urfabugun.com\/?p=11406"},"modified":"2024-02-04T09:59:50","modified_gmt":"2024-02-04T06:59:50","slug":"polis-helikopterinin-dusmesi-sonucu-2-pilot-sehit-oldu","status":"publish","type":"post","link":"https:\/\/www.urfabugun.com\/index.php\/2024\/02\/04\/polis-helikopterinin-dusmesi-sonucu-2-pilot-sehit-oldu\/","title":{"rendered":"Polis Helikopterinin D\u00fc\u015fmesi Sonucu 2 Pilot \u015eehit Oldu!"},"content":{"rendered":"\n<p><\/p>\n\n\n\n<p><strong>\u0130\u00e7i\u015fleri Bakan\u0131 Ali Yerlikaya, Emniyet Genel M\u00fcd\u00fcrl\u00fc\u011f\u00fc Havac\u0131l\u0131k Daire Ba\u015fkanl\u0131\u011f\u0131 envanterine kay\u0131tl\u0131 helikopterin, Gaziantep&#8217;in Nurda\u011f\u0131 il\u00e7esi Kartal K\u00f6y\u00fc mevkiinde kaza k\u0131r\u0131ma u\u011framas\u0131 sonucu 2 pilotun \u015fehit oldu\u011funu bildirdi.<\/strong><\/p>\n\n\n\n<p>Yerlikaya, sosyal medya hesab\u0131ndan yapt\u0131\u011f\u0131 payla\u015f\u0131mda, &#8220;Bu ak\u015fam Gaziantep Havaliman\u0131&#8217;na gitmek i\u00e7in Hatay Havaliman\u0131&#8217;ndan havalanan Emniyet Genel M\u00fcd\u00fcrl\u00fc\u011f\u00fc Havac\u0131l\u0131k Daire Ba\u015fkanl\u0131\u011f\u0131 envanterine kay\u0131tl\u0131 EM 708 kuyruk numaral\u0131 helikopterimiz, Gaziantep&#8217;in Nurda\u011f\u0131 il\u00e7esi Kartal K\u00f6y\u00fc mevkiinde kaza k\u0131r\u0131ma u\u011fram\u0131\u015ft\u0131r.<\/p>\n\n\n\n<p>En son saat 22.49&#8217;da Birle\u015ftirilmi\u015f Hava Harekat Merkezi&#8217;nin temas etti\u011fi helikopterimizde bulunan 2 pilotumuz \u015fehit olmu\u015f, teknisyenimiz yaralanm\u0131\u015ft\u0131r&#8221; dedi.<\/p>\n","protected":false},"excerpt":{"rendered":"<p>\u0130\u00e7i\u015fleri Bakan\u0131 Ali Yerlikaya, Emniyet Genel M\u00fcd\u00fcrl\u00fc\u011f\u00fc Havac\u0131l\u0131k Daire Ba\u015fkanl\u0131\u011f\u0131 envanterine kay\u0131tl\u0131 helikopterin, Gaziantep&#8217;in Nurda\u011f\u0131 il\u00e7esi&#46;&#46;&#46;<\/p>\n","protected":false},"author":2,"featured_media":11408,"comment_status":"open","ping_status":"open","sticky":false,"template":"","format":"standard","meta":{"inline_featured_image":false,"footnotes":""},"categories":[82],"tags":[184,235,3413,118,164,131,107],"manset":[],"class_list":["post-11406","post","type-post","status-publish","format-standard","has-post-thumbnail","hentry","category-gundem-haberleri","tag-asayis","tag-gaziantep","tag-polis-helikopterinin-dusmesi-sonucu-2-pilot-sehit-oldu","tag-sanliurfa","tag-sehit","tag-son-dakika","tag-ub"],"_links":{"self":[{"href":"https:\/\/www.urfabugun.com\/index.php\/wp-json\/wp\/v2\/posts\/11406","targetHints":{"allow":["GET"]}}],"collection":[{"href":"https:\/\/www.urfabugun.com\/index.php\/wp-json\/wp\/v2\/posts"}],"about":[{"href":"https:\/\/www.urfabugun.com\/index.php\/wp-json\/wp\/v2\/types\/post"}],"author":[{"embeddable":true,"href":"https:\/\/www.urfabugun.com\/index.php\/wp-json\/wp\/v2\/users\/2"}],"replies":[{"embeddable":true,"href":"https:\/\/www.urfabugun.com\/index.php\/wp-json\/wp\/v2\/comments?post=11406"}],"version-history":[{"count":0,"href":"https:\/\/www.urfabugun.com\/index.php\/wp-json\/wp\/v2\/posts\/11406\/revisions"}],"wp:featuredmedia":[{"embeddable":true,"href":"https:\/\/www.urfabugun.com\/index.php\/wp-json\/wp\/v2\/media\/11408"}],"wp:attachment":[{"href":"https:\/\/www.urfabugun.com\/index.php\/wp-json\/wp\/v2\/media?parent=11406"}],"wp:term":[{"taxonomy":"category","embeddable":true,"href":"https:\/\/www.urfabugun.com\/index.php\/wp-json\/wp\/v2\/categories?post=11406"},{"taxonomy":"post_tag","embeddable":true,"href":"https:\/\/www.urfabugun.com\/index.php\/wp-json\/wp\/v2\/tags?post=11406"},{"taxonomy":"manset","embeddable":true,"href":"https:\/\/www.urfabugun.com\/index.php\/wp-json\/wp\/v2\/manset?post=11406"}],"curies":[{"name":"wp","href":"https:\/\/api.w.org\/{rel}","templated":true}]}}