{"id":11525,"date":"2024-02-07T09:55:55","date_gmt":"2024-02-07T06:55:55","guid":{"rendered":"https:\/\/www.urfabugun.com\/?p=11525"},"modified":"2024-02-07T09:56:02","modified_gmt":"2024-02-07T06:56:02","slug":"alper-gezeravcinin-bugun-dunyaya-donmesi-planlaniyor","status":"publish","type":"post","link":"https:\/\/www.urfabugun.com\/index.php\/2024\/02\/07\/alper-gezeravcinin-bugun-dunyaya-donmesi-planlaniyor\/","title":{"rendered":"Alper Gezeravc\u0131&#8217;n\u0131n Bug\u00fcn D\u00fcnya&#8217;ya D\u00f6nmesi Planlan\u0131yor!"},"content":{"rendered":"\n<p><\/p>\n\n\n\n<p><strong>T\u00fcrkiye&#8217;nin ilk astronotu Alper Gezeravc\u0131&#8217;n\u0131n da bulundu\u011fu Dragon uzay arac\u0131 ve Axiom-3 (Ax-3) ekibinin bug\u00fcn TS\u0130 17.05&#8217;te D\u00fcnya&#8217;ya d\u00f6nmesi bekleniyor.<\/strong><\/p>\n\n\n\n<p>SpaceX, sosyal medya platformu X&#8217;ten yapt\u0131\u011f\u0131 a\u00e7\u0131klamada, Ax-3 ekibinin Uluslararas\u0131 Uzay \u0130stasyonu&#8217;ndan (ISS) ayr\u0131lmas\u0131n\u0131n ard\u0131ndan TS\u0130 17.05&#8217;te D\u00fcnya&#8217;ya d\u00f6nmesinin planland\u0131\u011f\u0131n\u0131 duyurdu.<\/p>\n\n\n\n<p>\u015eirket, Dragon uzay arac\u0131n\u0131n ISS&#8217;den ayr\u0131lmas\u0131n\u0131n ini\u015f b\u00f6lgesindeki hava ko\u015fullar\u0131na ba\u011fl\u0131 oldu\u011funu belirtti.<\/p>\n","protected":false},"excerpt":{"rendered":"<p>T\u00fcrkiye&#8217;nin ilk astronotu Alper Gezeravc\u0131&#8217;n\u0131n da bulundu\u011fu Dragon uzay arac\u0131 ve Axiom-3 (Ax-3) ekibinin bug\u00fcn TS\u0130&#46;&#46;&#46;<\/p>\n","protected":false},"author":2,"featured_media":11527,"comment_status":"open","ping_status":"open","sticky":false,"template":"","format":"standard","meta":{"inline_featured_image":false,"footnotes":""},"categories":[78],"tags":[3317,3458,131,107],"manset":[],"class_list":["post-11525","post","type-post","status-publish","format-standard","has-post-thumbnail","hentry","category-dunya-haberleri","tag-alper-gezeravci","tag-alper-gezeravcinin-bugun-dunyaya-donmesi-planlaniyor","tag-son-dakika","tag-ub"],"_links":{"self":[{"href":"https:\/\/www.urfabugun.com\/index.php\/wp-json\/wp\/v2\/posts\/11525","targetHints":{"allow":["GET"]}}],"collection":[{"href":"https:\/\/www.urfabugun.com\/index.php\/wp-json\/wp\/v2\/posts"}],"about":[{"href":"https:\/\/www.urfabugun.com\/index.php\/wp-json\/wp\/v2\/types\/post"}],"author":[{"embeddable":true,"href":"https:\/\/www.urfabugun.com\/index.php\/wp-json\/wp\/v2\/users\/2"}],"replies":[{"embeddable":true,"href":"https:\/\/www.urfabugun.com\/index.php\/wp-json\/wp\/v2\/comments?post=11525"}],"version-history":[{"count":0,"href":"https:\/\/www.urfabugun.com\/index.php\/wp-json\/wp\/v2\/posts\/11525\/revisions"}],"wp:featuredmedia":[{"embeddable":true,"href":"https:\/\/www.urfabugun.com\/index.php\/wp-json\/wp\/v2\/media\/11527"}],"wp:attachment":[{"href":"https:\/\/www.urfabugun.com\/index.php\/wp-json\/wp\/v2\/media?parent=11525"}],"wp:term":[{"taxonomy":"category","embeddable":true,"href":"https:\/\/www.urfabugun.com\/index.php\/wp-json\/wp\/v2\/categories?post=11525"},{"taxonomy":"post_tag","embeddable":true,"href":"https:\/\/www.urfabugun.com\/index.php\/wp-json\/wp\/v2\/tags?post=11525"},{"taxonomy":"manset","embeddable":true,"href":"https:\/\/www.urfabugun.com\/index.php\/wp-json\/wp\/v2\/manset?post=11525"}],"curies":[{"name":"wp","href":"https:\/\/api.w.org\/{rel}","templated":true}]}}