{"id":11547,"date":"2024-02-07T16:30:18","date_gmt":"2024-02-07T13:30:18","guid":{"rendered":"https:\/\/www.urfabugun.com\/?p=11547"},"modified":"2024-02-08T12:31:45","modified_gmt":"2024-02-08T09:31:45","slug":"erdogan-ne-kirmizigul-ne-karagul-sadece-beyazgul","status":"publish","type":"post","link":"https:\/\/www.urfabugun.com\/index.php\/2024\/02\/07\/erdogan-ne-kirmizigul-ne-karagul-sadece-beyazgul\/","title":{"rendered":"Erdo\u011fan; Ne K\u0131rm\u0131z\u0131g\u00fcl, Ne Karag\u00fcl Sadece Beyazg\u00fcl!"},"content":{"rendered":"\n<p><\/p>\n\n\n\n<p><strong>Cumhurba\u015fkan\u0131 Recep Tayyip Erdo\u011fan, AK Parti \u015eanl\u0131urfa \u0130l\u00e7e Belediye Ba\u015fkan Adaylar\u0131 Tan\u0131t\u0131m Toplant\u0131s\u0131&#8217;n\u0131 ger\u00e7ekle\u015ftirdi.<\/strong><\/p>\n\n\n\n<p>31 Mart yerel se\u00e7imlere say\u0131l\u0131 g\u00fcnler kala Ak Parti se\u00e7im start\u0131n\u0131 verdi.<\/p>\n\n\n\n<figure class=\"wp-block-image size-full\"><img loading=\"lazy\" decoding=\"async\" width=\"679\" height=\"453\" src=\"https:\/\/www.urfabugun.com\/wp-content\/uploads\/2024\/02\/erdogan-beyazgul.jpg\" alt=\"\" class=\"wp-image-11586\"\/><\/figure>\n\n\n\n<p>\u00d6ncelikle deprem b\u00f6lgesini ziyaret eden Erdo\u011fan\u2019\u0131n bug\u00fcnk\u00fc dura\u011f\u0131 \u015eanl\u0131urfa\u2019yd\u0131.<\/p>\n\n\n\n<figure class=\"wp-block-image size-large\"><img loading=\"lazy\" decoding=\"async\" width=\"1024\" height=\"673\" src=\"https:\/\/www.urfabugun.com\/wp-content\/uploads\/2024\/02\/IMG_9687-1024x673.jpeg\" alt=\"\" class=\"wp-image-11550\"\/><\/figure>\n\n\n\n<p>11 Nisan kapal\u0131 spor salonunda ger\u00e7ekle\u015fen aday tan\u0131t\u0131m program\u0131na kat\u0131l\u0131m yo\u011fundu, d\u0131\u015far\u0131 da binlerce vatanda\u015f\u0131n bekledi\u011fini g\u00f6ren Erdo\u011fan alana ge\u00e7meden d\u0131\u015far\u0131da kendisini bekleyen vatanda\u015flara \u015eanl\u0131urfa\u2019n\u0131n tarih boyunca b\u00fcy\u00fck medeniyetlere ev sahipli\u011fi yapt\u0131\u011f\u0131na belirtti.<\/p>\n\n\n\n<p>Ak partinin kalesi olarak belirtilen \u015eanl\u0131urfa\u2019da Erdo\u011fan\u2019a destek yo\u011fundu . Vatanda\u015flar\u0131n Ak Parti \u015eanl\u0131urfa B\u00fcy\u00fck\u015fehir Belediye ba\u015fkan aday\u0131 Zeynel Abidin Beyazg\u00fcl i\u00e7in a\u00e7m\u0131\u015f oldu\u011fu pankart Erdo\u011fan\u2019\u0131n g\u00f6z\u00fcnden ka\u00e7mad\u0131.<\/p>\n\n\n\n<p>Pankart\u0131 okuyan Erdo\u011fan \u015fu ifadelere yer verdi; Ne K\u0131rm\u0131z\u0131g\u00fcl, ne karag\u00fcl sadece Beyazg\u00fcl.\u201d<\/p>\n","protected":false},"excerpt":{"rendered":"<p>Cumhurba\u015fkan\u0131 Recep Tayyip Erdo\u011fan, AK Parti \u015eanl\u0131urfa \u0130l\u00e7e Belediye Ba\u015fkan Adaylar\u0131 Tan\u0131t\u0131m Toplant\u0131s\u0131&#8217;n\u0131 ger\u00e7ekle\u015ftirdi. 31 Mart&#46;&#46;&#46;<\/p>\n","protected":false},"author":2,"featured_media":11549,"comment_status":"open","ping_status":"open","sticky":false,"template":"","format":"standard","meta":{"inline_featured_image":false,"footnotes":""},"categories":[82],"tags":[3462,3463,118,131,107,173],"manset":[],"class_list":["post-11547","post","type-post","status-publish","format-standard","has-post-thumbnail","hentry","category-gundem-haberleri","tag-erdogan-ne-kirmizigul","tag-ne-karagul-sadece-beyazgul","tag-sanliurfa","tag-son-dakika","tag-ub","tag-zeynel-abidin-beyazgul"],"_links":{"self":[{"href":"https:\/\/www.urfabugun.com\/index.php\/wp-json\/wp\/v2\/posts\/11547","targetHints":{"allow":["GET"]}}],"collection":[{"href":"https:\/\/www.urfabugun.com\/index.php\/wp-json\/wp\/v2\/posts"}],"about":[{"href":"https:\/\/www.urfabugun.com\/index.php\/wp-json\/wp\/v2\/types\/post"}],"author":[{"embeddable":true,"href":"https:\/\/www.urfabugun.com\/index.php\/wp-json\/wp\/v2\/users\/2"}],"replies":[{"embeddable":true,"href":"https:\/\/www.urfabugun.com\/index.php\/wp-json\/wp\/v2\/comments?post=11547"}],"version-history":[{"count":0,"href":"https:\/\/www.urfabugun.com\/index.php\/wp-json\/wp\/v2\/posts\/11547\/revisions"}],"wp:featuredmedia":[{"embeddable":true,"href":"https:\/\/www.urfabugun.com\/index.php\/wp-json\/wp\/v2\/media\/11549"}],"wp:attachment":[{"href":"https:\/\/www.urfabugun.com\/index.php\/wp-json\/wp\/v2\/media?parent=11547"}],"wp:term":[{"taxonomy":"category","embeddable":true,"href":"https:\/\/www.urfabugun.com\/index.php\/wp-json\/wp\/v2\/categories?post=11547"},{"taxonomy":"post_tag","embeddable":true,"href":"https:\/\/www.urfabugun.com\/index.php\/wp-json\/wp\/v2\/tags?post=11547"},{"taxonomy":"manset","embeddable":true,"href":"https:\/\/www.urfabugun.com\/index.php\/wp-json\/wp\/v2\/manset?post=11547"}],"curies":[{"name":"wp","href":"https:\/\/api.w.org\/{rel}","templated":true}]}}