{"id":11561,"date":"2024-02-08T10:29:08","date_gmt":"2024-02-08T07:29:08","guid":{"rendered":"https:\/\/www.urfabugun.com\/?p=11561"},"modified":"2024-02-08T10:29:20","modified_gmt":"2024-02-08T07:29:20","slug":"sanliurfada-5-aileye-aci-haber-verildi","status":"publish","type":"post","link":"https:\/\/www.urfabugun.com\/index.php\/2024\/02\/08\/sanliurfada-5-aileye-aci-haber-verildi\/","title":{"rendered":"\u015eanl\u0131urfa&#8217;da 5 Aileye Ac\u0131 Haber Verildi!"},"content":{"rendered":"\n<p><\/p>\n\n\n\n<p><strong>\u015eanl\u0131urfa B\u00fcy\u00fck\u015fehir Belediyesi Mezarl\u0131klar \u015eube M\u00fcd\u00fcrl\u00fc\u011f\u00fc g\u00fcnl\u00fck defin listesini yay\u0131mlad\u0131. Listeye g\u00f6re 5 vatanda\u015f hayat\u0131n\u0131 kaybetti.<\/strong><\/p>\n\n\n\n<p>Hayat\u0131n\u0131 Kaybeden 5 Vatanda\u015f\u0131n \u0130simleri \u015eu \u015eekilde;<\/p>\n\n\n\n<p><strong>SAL\u0130H KARADA\u015e<\/strong><\/p>\n\n\n\n<p>Salih Karada\u015f hayat\u0131n\u0131 kaybetti. Cenazesi \u015eanl\u0131urfa\u2019n\u0131n Eyy\u00fcbiye il\u00e7esinde ba\u011fl\u0131 Harram kap\u0131 aile mezarl\u0131\u011f\u0131na defin edildi. Taziyesi Bihimi taziye evinde olacak.<\/p>\n\n\n\n<p><strong>DAVUT DA\u011e<\/strong><\/p>\n\n\n\n<p>Dervi\u015f o\u011flu 1941 do\u011fumlu Davut Da\u011f hayat\u0131n\u0131 kaybetti. Cenazesi \u015eanl\u0131urfa\u2019n\u0131n Haliliye il\u00e7esinde ba\u011fl\u0131 Yeni aile mezarl\u0131\u011f\u0131na defnedildi. Taziyesi \u0130mam Demir taziye evinde olacak.<\/p>\n\n\n\n<p><strong>\u0130SMA\u0130L \u00c7\u0130FT\u00c7\u0130<\/strong><\/p>\n\n\n\n<p>Salih k\u0131z\u0131 1989 do\u011fumlu \u0130smail \u00c7ift\u00e7i hayat\u0131n\u0131 kaybetti. Cenazesi \u015eanl\u0131urfa\u2019n\u0131n Haliliyeil\u00e7esinde ba\u011fl\u0131 Yeni aile mezarl\u0131\u011f\u0131na defnedildi. Taziyesi Ahmet Yesevi Taziye evi olacak.<\/p>\n\n\n\n<p><strong>\u015eAH\u0130N KARADA\u011eLI<\/strong><\/p>\n\n\n\n<p>S\u00fcleyman o\u011flu 1968 do\u011fumlu \u015eahin Karada\u011fl\u0131 hayat\u0131n\u0131 kaybetti. Cenazesi \u015eanl\u0131urfa\u2019n\u0131n Eyy\u00fcbiye il\u00e7esinde ba\u011fl\u0131 Bedi\u00fczaman aile mezarl\u0131\u011f\u0131na defin edildi. Taziyesi Gerger taziye evinde olacak.<\/p>\n\n\n\n<p><strong>E.HAMZA ALGUN<\/strong><\/p>\n\n\n\n<p>Kadir o\u011flu 2014 do\u011fumlu E.Hamza Algun hayat\u0131n\u0131 kaybetti. Cenazesi \u015eanl\u0131urfa\u2019n\u0131n Eyy\u00fcbiye il\u00e7esinde ba\u011fl\u0131 Harran kap\u0131 aile mezarl\u0131\u011f\u0131na defin edildi.<\/p>\n\n\n\n<p>Urfabug\u00fcn &nbsp;ailesi olarak vefat edenlere Allahtan rahmet kederli ailesine ba\u015fsa\u011fl\u0131\u011f\u0131 dileriz.<\/p>\n","protected":false},"excerpt":{"rendered":"<p>\u015eanl\u0131urfa B\u00fcy\u00fck\u015fehir Belediyesi Mezarl\u0131klar \u015eube M\u00fcd\u00fcrl\u00fc\u011f\u00fc g\u00fcnl\u00fck defin listesini yay\u0131mlad\u0131. Listeye g\u00f6re 5 vatanda\u015f hayat\u0131n\u0131 kaybetti.&#46;&#46;&#46;<\/p>\n","protected":false},"author":2,"featured_media":11563,"comment_status":"open","ping_status":"open","sticky":false,"template":"","format":"standard","meta":{"inline_featured_image":false,"footnotes":""},"categories":[82],"tags":[3468,3467,131,107,435],"manset":[],"class_list":["post-11561","post","type-post","status-publish","format-standard","has-post-thumbnail","hentry","category-gundem-haberleri","tag-mezarlik","tag-sanliurfada-5-aileye-aci-haber-verildi","tag-son-dakika","tag-ub","tag-vefat"],"_links":{"self":[{"href":"https:\/\/www.urfabugun.com\/index.php\/wp-json\/wp\/v2\/posts\/11561","targetHints":{"allow":["GET"]}}],"collection":[{"href":"https:\/\/www.urfabugun.com\/index.php\/wp-json\/wp\/v2\/posts"}],"about":[{"href":"https:\/\/www.urfabugun.com\/index.php\/wp-json\/wp\/v2\/types\/post"}],"author":[{"embeddable":true,"href":"https:\/\/www.urfabugun.com\/index.php\/wp-json\/wp\/v2\/users\/2"}],"replies":[{"embeddable":true,"href":"https:\/\/www.urfabugun.com\/index.php\/wp-json\/wp\/v2\/comments?post=11561"}],"version-history":[{"count":0,"href":"https:\/\/www.urfabugun.com\/index.php\/wp-json\/wp\/v2\/posts\/11561\/revisions"}],"wp:featuredmedia":[{"embeddable":true,"href":"https:\/\/www.urfabugun.com\/index.php\/wp-json\/wp\/v2\/media\/11563"}],"wp:attachment":[{"href":"https:\/\/www.urfabugun.com\/index.php\/wp-json\/wp\/v2\/media?parent=11561"}],"wp:term":[{"taxonomy":"category","embeddable":true,"href":"https:\/\/www.urfabugun.com\/index.php\/wp-json\/wp\/v2\/categories?post=11561"},{"taxonomy":"post_tag","embeddable":true,"href":"https:\/\/www.urfabugun.com\/index.php\/wp-json\/wp\/v2\/tags?post=11561"},{"taxonomy":"manset","embeddable":true,"href":"https:\/\/www.urfabugun.com\/index.php\/wp-json\/wp\/v2\/manset?post=11561"}],"curies":[{"name":"wp","href":"https:\/\/api.w.org\/{rel}","templated":true}]}}