{"id":11592,"date":"2024-02-08T13:14:27","date_gmt":"2024-02-08T10:14:27","guid":{"rendered":"https:\/\/www.urfabugun.com\/?p=11592"},"modified":"2024-02-08T13:23:15","modified_gmt":"2024-02-08T10:23:15","slug":"yeniden-refah-adayini-acikladi-eyyubiyede-kartlar-yeniden-dagitiliyor","status":"publish","type":"post","link":"https:\/\/www.urfabugun.com\/index.php\/2024\/02\/08\/yeniden-refah-adayini-acikladi-eyyubiyede-kartlar-yeniden-dagitiliyor\/","title":{"rendered":"Yeniden Refah Aday\u0131n\u0131 A\u00e7\u0131klad\u0131: Eyy\u00fcbiye\u2019de Kartlar Yeniden Da\u011f\u0131t\u0131l\u0131yor!"},"content":{"rendered":"\n<p><\/p>\n\n\n\n<p><strong>\u015eanl\u0131urfa\u2019da kartlar yeniden da\u011f\u0131t\u0131l\u0131yor, Yeniden Refah Partisi (YRP) Eyy\u00fcbiye Belediye ba\u015fkan Aday\u0131n\u0131 a\u00e7\u0131klad\u0131.<\/strong><\/p>\n\n\n\n<p>31 Mart 2024 Mahalli Yerel Se\u00e7imleri \u2019ne say\u0131l\u0131 g\u00fcn kala Yeniden Refah Partisi belediye ba\u015fkan adaylar\u0131n\u0131 belirlemeyi s\u00fcrd\u00fcr\u00fcyor.<\/p>\n\n\n\n<p>\u015eanl\u0131urfa B\u00fcy\u00fck\u015fehir Belediye Ba\u015fkan aday\u0131 ve Karak\u00f6pr\u00fc aday\u0131n\u0131 a\u00e7\u0131klayan Yeniden Refah Partisinde g\u00f6zler Eyy\u00fcbiye il\u00e7esine \u00e7evrilmi\u015fti.<\/p>\n\n\n\n<p>Daha \u00f6nce resmi bir a\u00e7\u0131klama olmazken kulislerde \u00f6nceki d\u00f6nem Eyy\u00fcbiye belediye ba\u015fkan\u0131 Mehmet Ekinci\u2019nin ad\u0131 konu\u015fuluyordu.<\/p>\n\n\n\n<figure class=\"wp-block-image size-large\"><img loading=\"lazy\" decoding=\"async\" width=\"1024\" height=\"577\" src=\"https:\/\/www.urfabugun.com\/wp-content\/uploads\/2024\/02\/1a238d95-be24-45ec-b30c-d65fb92bf693-1024x577.jpg\" alt=\"\" class=\"wp-image-11597\"\/><\/figure>\n\n\n\n<p>2014-2019 Eyy\u00fcbiye Kurucu Belediye Ba\u015fkan\u0131 Mehmet Ekinci, Yeniden Refah Partisi&#8217;nin Eyy\u00fcbiye Belediye Ba\u015fkan aday\u0131 olarak belirlendi. Ekinci&#8217;nin adayl\u0131\u011f\u0131, parti \u00fcyeleri ve il\u00e7e halk\u0131 taraf\u0131ndan b\u00fcy\u00fck bir memnuniyetle kar\u015f\u0131land\u0131.<\/p>\n","protected":false},"excerpt":{"rendered":"<p>\u015eanl\u0131urfa\u2019da kartlar yeniden da\u011f\u0131t\u0131l\u0131yor, Yeniden Refah Partisi (YRP) Eyy\u00fcbiye Belediye ba\u015fkan Aday\u0131n\u0131 a\u00e7\u0131klad\u0131. 31 Mart 2024&#46;&#46;&#46;<\/p>\n","protected":false},"author":2,"featured_media":11594,"comment_status":"open","ping_status":"open","sticky":false,"template":"","format":"standard","meta":{"inline_featured_image":false,"footnotes":""},"categories":[86],"tags":[],"manset":[],"class_list":["post-11592","post","type-post","status-publish","format-standard","has-post-thumbnail","hentry","category-politika-haberleri"],"_links":{"self":[{"href":"https:\/\/www.urfabugun.com\/index.php\/wp-json\/wp\/v2\/posts\/11592","targetHints":{"allow":["GET"]}}],"collection":[{"href":"https:\/\/www.urfabugun.com\/index.php\/wp-json\/wp\/v2\/posts"}],"about":[{"href":"https:\/\/www.urfabugun.com\/index.php\/wp-json\/wp\/v2\/types\/post"}],"author":[{"embeddable":true,"href":"https:\/\/www.urfabugun.com\/index.php\/wp-json\/wp\/v2\/users\/2"}],"replies":[{"embeddable":true,"href":"https:\/\/www.urfabugun.com\/index.php\/wp-json\/wp\/v2\/comments?post=11592"}],"version-history":[{"count":0,"href":"https:\/\/www.urfabugun.com\/index.php\/wp-json\/wp\/v2\/posts\/11592\/revisions"}],"wp:featuredmedia":[{"embeddable":true,"href":"https:\/\/www.urfabugun.com\/index.php\/wp-json\/wp\/v2\/media\/11594"}],"wp:attachment":[{"href":"https:\/\/www.urfabugun.com\/index.php\/wp-json\/wp\/v2\/media?parent=11592"}],"wp:term":[{"taxonomy":"category","embeddable":true,"href":"https:\/\/www.urfabugun.com\/index.php\/wp-json\/wp\/v2\/categories?post=11592"},{"taxonomy":"post_tag","embeddable":true,"href":"https:\/\/www.urfabugun.com\/index.php\/wp-json\/wp\/v2\/tags?post=11592"},{"taxonomy":"manset","embeddable":true,"href":"https:\/\/www.urfabugun.com\/index.php\/wp-json\/wp\/v2\/manset?post=11592"}],"curies":[{"name":"wp","href":"https:\/\/api.w.org\/{rel}","templated":true}]}}