{"id":11608,"date":"2024-02-08T20:23:46","date_gmt":"2024-02-08T17:23:46","guid":{"rendered":"https:\/\/www.urfabugun.com\/?p=11608"},"modified":"2024-02-08T20:25:54","modified_gmt":"2024-02-08T17:25:54","slug":"gorevden-mi-alindi-istifa-mi-etti-ak-parti-karakoprude-neler-oluyor","status":"publish","type":"post","link":"https:\/\/www.urfabugun.com\/index.php\/2024\/02\/08\/gorevden-mi-alindi-istifa-mi-etti-ak-parti-karakoprude-neler-oluyor\/","title":{"rendered":"G\u00f6revden Mi Al\u0131nd\u0131? \u0130stifa M\u0131 Etti? Ak Parti Karak\u00f6pr\u00fc\u2019de Neler Oluyor!"},"content":{"rendered":"\n<p><\/p>\n\n\n\n<p><strong>Ak Parti cephesinde sular durulmuyor. Ak parti Karak\u00f6pr\u00fc il\u00e7e ba\u015fkan\u0131 A\u011fan \u0130stifa m\u0131 etti? G\u00f6revden mi al\u0131nd\u0131?<\/strong><\/p>\n\n\n\n<p>Ak Parti karak\u00f6pr\u00fc il\u00e7e ba\u015fkan\u0131 Sait aran istifa etti\u011fini a\u00e7\u0131klad\u0131 istifan\u0131n ard\u0131ndan ak Parti \u015eanl\u0131urfa ise g\u00f6revden al\u0131nd\u0131\u011f\u0131n\u0131 vurgulad\u0131.<\/p>\n\n\n\n\n\n<p>Ak Parti \u015eanl\u0131urfa\u2019n\u0131n resmi Twitter hesab\u0131ndan yapt\u0131\u011f\u0131 a\u00e7\u0131klama \u015fu \u015fekilde \u201c; G\u00f6r\u00fclen l\u00fczum \u00fczerine AK Parti Karak\u00f6pr\u00fc \u0130l\u00e7e Ba\u015fkan\u0131m\u0131z Sait A\u011fan g\u00f6revden al\u0131nm\u0131\u015ft\u0131r. Kamuoyuna duyurulur.\u201d<\/p>\n\n\n\n<p>\u0130l\u00e7e ba\u015fkan\u0131 A\u011fan ise a\u00e7\u0131klamas\u0131nda \u015fu ifadelere yer verdi; 2013 Y\u0131l\u0131ndan Bug\u00fcne \u00dcyesi Oldu\u011fum AK Parti \u00dcyeli\u011fimden ve AK Parti Karak\u00f6pr\u00fc \u0130l\u00e7e Ba\u015fkanl\u0131\u011f\u0131ndan \u0130stifa Ediyorum. Bug\u00fcne Kadar Birlikte Yol Y\u00fcr\u00fcd\u00fc\u011f\u00fcm\u00fcz Emek Veren T\u00fcm Dostlar\u0131m\u0131za ve Te\u015fkilat\u0131m\u0131za Te\u015fekk\u00fcr Ediyorum. \u015e\u00fckranlar\u0131m\u0131 Sunuyorum\u2026 Sayg\u0131lar\u0131mla.\u201d<\/p>\n","protected":false},"excerpt":{"rendered":"<p>Ak Parti cephesinde sular durulmuyor. Ak parti Karak\u00f6pr\u00fc il\u00e7e ba\u015fkan\u0131 A\u011fan \u0130stifa m\u0131 etti? G\u00f6revden mi&#46;&#46;&#46;<\/p>\n","protected":false},"author":2,"featured_media":11610,"comment_status":"open","ping_status":"open","sticky":false,"template":"","format":"standard","meta":{"inline_featured_image":false,"footnotes":""},"categories":[86],"tags":[3479,118,131,107,608],"manset":[],"class_list":["post-11608","post","type-post","status-publish","format-standard","has-post-thumbnail","hentry","category-politika-haberleri","tag-gorevden-mi-alindi-istifa-mi-etti-ak-parti-karakoprude-neler-oluyor","tag-sanliurfa","tag-son-dakika","tag-ub","tag-urfa-bugun"],"_links":{"self":[{"href":"https:\/\/www.urfabugun.com\/index.php\/wp-json\/wp\/v2\/posts\/11608","targetHints":{"allow":["GET"]}}],"collection":[{"href":"https:\/\/www.urfabugun.com\/index.php\/wp-json\/wp\/v2\/posts"}],"about":[{"href":"https:\/\/www.urfabugun.com\/index.php\/wp-json\/wp\/v2\/types\/post"}],"author":[{"embeddable":true,"href":"https:\/\/www.urfabugun.com\/index.php\/wp-json\/wp\/v2\/users\/2"}],"replies":[{"embeddable":true,"href":"https:\/\/www.urfabugun.com\/index.php\/wp-json\/wp\/v2\/comments?post=11608"}],"version-history":[{"count":0,"href":"https:\/\/www.urfabugun.com\/index.php\/wp-json\/wp\/v2\/posts\/11608\/revisions"}],"wp:featuredmedia":[{"embeddable":true,"href":"https:\/\/www.urfabugun.com\/index.php\/wp-json\/wp\/v2\/media\/11610"}],"wp:attachment":[{"href":"https:\/\/www.urfabugun.com\/index.php\/wp-json\/wp\/v2\/media?parent=11608"}],"wp:term":[{"taxonomy":"category","embeddable":true,"href":"https:\/\/www.urfabugun.com\/index.php\/wp-json\/wp\/v2\/categories?post=11608"},{"taxonomy":"post_tag","embeddable":true,"href":"https:\/\/www.urfabugun.com\/index.php\/wp-json\/wp\/v2\/tags?post=11608"},{"taxonomy":"manset","embeddable":true,"href":"https:\/\/www.urfabugun.com\/index.php\/wp-json\/wp\/v2\/manset?post=11608"}],"curies":[{"name":"wp","href":"https:\/\/api.w.org\/{rel}","templated":true}]}}