{"id":11648,"date":"2024-02-10T19:50:46","date_gmt":"2024-02-10T16:50:46","guid":{"rendered":"https:\/\/www.urfabugun.com\/?p=11648"},"modified":"2024-02-10T19:50:52","modified_gmt":"2024-02-10T16:50:52","slug":"vekil-yazmacidan-yapilan-spekulasyona-jet-yanit","status":"publish","type":"post","link":"https:\/\/www.urfabugun.com\/index.php\/2024\/02\/10\/vekil-yazmacidan-yapilan-spekulasyona-jet-yanit\/","title":{"rendered":"Vekil Yazmac\u0131dan Yap\u0131lan Spek\u00fclasyona Jet Yan\u0131t!"},"content":{"rendered":"\n<p><\/p>\n\n\n\n<p><strong>Ak Parti \u015eanl\u0131urfa Milletvekili Cevahir Asuman Yazmac\u0131 \u2018ya TOK\u0130 Kuras\u0131nda \u00e7\u0131kan ev yersiz Spek\u00fclasyona sebep oldu.<\/strong><\/p>\n\n\n\n<blockquote class=\"wp-block-quote is-layout-flow wp-block-quote-is-layout-flow\">\n<p>AK Parti \u015eanl\u0131urfa Milletvekili Cevahir Asuman Yazmac\u0131&#8217;n\u0131n, TOK\u0130 deprem konutlar\u0131 kuras\u0131nda isminin \u00e7\u0131kmas\u0131na tepkiler s\u00fcr\u00fcyor.<\/p>\n\n\n\n<p>Tepkilerin ard\u0131ndan yapt\u0131\u011f\u0131 ilk a\u00e7\u0131klamada;&#8221; \u201cSa\u011f elinin verdi\u011fini sol eli bilmeyecek\u201d diyen inanc\u0131n mensuplar\u0131 olarak, bug\u00fcne kadar yapt\u0131\u011f\u0131m\u0131z hay\u0131r ve iyilikleri kendimize saklayan bir medeniyetin mensuplar\u0131y\u0131z. Annemden kalan, \u00e7ocuklu\u011fumun ge\u00e7ti\u011fi ve milletvekili olmad\u0131\u011f\u0131m d\u00f6nemde 6 \u015eubat 2023 depreminde y\u0131k\u0131lan evimin yerine yap\u0131lacak olan deprem konutunu ihtiya\u00e7 sahibi depremzede bir ailenin kullan\u0131m\u0131na sunmay\u0131 daha ilk g\u00fcnden d\u00fc\u015f\u00fcn\u00fcyordum. Ancak, bunu a\u00e7\u0131klamay\u0131 \u201cSa\u011f elinin verdi\u011fini sol eli bilmeyecek\u201d anlay\u0131\u015f\u0131m\u0131za ayk\u0131r\u0131 buldu\u011fum i\u00e7in kamuoyuna a\u00e7\u0131klamay\u0131 hem do\u011fru bulmuyor hem de gerekli g\u00f6rm\u00fcyordum. Yap\u0131lan dezenformasyonlar sonucu a\u00e7\u0131klama yap\u0131lmas\u0131 ka\u00e7\u0131n\u0131lmaz olmu\u015ftur. \u201cDepremde y\u0131k\u0131lan konutum yerine TOK\u0130 taraf\u0131ndan hak sahibi depremzedelere yapt\u0131r\u0131lan ve noter huzurunda yap\u0131lan kura \u00e7ekimi sonucu hak kazand\u0131\u011f\u0131m daireyi \u015eanl\u0131urfa Valili\u011fimizin belirleyece\u011fi ve konteyner kentte kalan depremzede bir vatanda\u015f\u0131m\u0131z\u0131n kullan\u0131m\u0131na sunaca\u011f\u0131m\u2019\u2019 dedi.<\/p>\n<\/blockquote>\n","protected":false},"excerpt":{"rendered":"<p>Ak Parti \u015eanl\u0131urfa Milletvekili Cevahir Asuman Yazmac\u0131 \u2018ya TOK\u0130 Kuras\u0131nda \u00e7\u0131kan ev yersiz Spek\u00fclasyona sebep oldu.&#46;&#46;&#46;<\/p>\n","protected":false},"author":2,"featured_media":11650,"comment_status":"open","ping_status":"open","sticky":false,"template":"","format":"standard","meta":{"inline_featured_image":false,"footnotes":""},"categories":[82],"tags":[131,3492,107,3491],"manset":[],"class_list":["post-11648","post","type-post","status-publish","format-standard","has-post-thumbnail","hentry","category-gundem-haberleri","tag-son-dakika","tag-toki-kura-cekimi","tag-ub","tag-vekil-yazmacidan-yapilan-spekulasyona-jet-yanit"],"_links":{"self":[{"href":"https:\/\/www.urfabugun.com\/index.php\/wp-json\/wp\/v2\/posts\/11648","targetHints":{"allow":["GET"]}}],"collection":[{"href":"https:\/\/www.urfabugun.com\/index.php\/wp-json\/wp\/v2\/posts"}],"about":[{"href":"https:\/\/www.urfabugun.com\/index.php\/wp-json\/wp\/v2\/types\/post"}],"author":[{"embeddable":true,"href":"https:\/\/www.urfabugun.com\/index.php\/wp-json\/wp\/v2\/users\/2"}],"replies":[{"embeddable":true,"href":"https:\/\/www.urfabugun.com\/index.php\/wp-json\/wp\/v2\/comments?post=11648"}],"version-history":[{"count":0,"href":"https:\/\/www.urfabugun.com\/index.php\/wp-json\/wp\/v2\/posts\/11648\/revisions"}],"wp:featuredmedia":[{"embeddable":true,"href":"https:\/\/www.urfabugun.com\/index.php\/wp-json\/wp\/v2\/media\/11650"}],"wp:attachment":[{"href":"https:\/\/www.urfabugun.com\/index.php\/wp-json\/wp\/v2\/media?parent=11648"}],"wp:term":[{"taxonomy":"category","embeddable":true,"href":"https:\/\/www.urfabugun.com\/index.php\/wp-json\/wp\/v2\/categories?post=11648"},{"taxonomy":"post_tag","embeddable":true,"href":"https:\/\/www.urfabugun.com\/index.php\/wp-json\/wp\/v2\/tags?post=11648"},{"taxonomy":"manset","embeddable":true,"href":"https:\/\/www.urfabugun.com\/index.php\/wp-json\/wp\/v2\/manset?post=11648"}],"curies":[{"name":"wp","href":"https:\/\/api.w.org\/{rel}","templated":true}]}}