{"id":11652,"date":"2024-02-10T20:15:08","date_gmt":"2024-02-10T17:15:08","guid":{"rendered":"https:\/\/www.urfabugun.com\/?p=11652"},"modified":"2024-02-10T20:49:13","modified_gmt":"2024-02-10T17:49:13","slug":"ceylanpinarda-tarih-yeniden-yazilacak","status":"publish","type":"post","link":"https:\/\/www.urfabugun.com\/index.php\/2024\/02\/10\/ceylanpinarda-tarih-yeniden-yazilacak\/","title":{"rendered":"Ceylanp\u0131nar&#8217;da Tarih Yeniden Yaz\u0131lacak!"},"content":{"rendered":"\n<p><\/p>\n\n\n\n<p><strong>31 Mart 2024 Tarihinde yap\u0131lacak olan Yerel Se\u00e7imlerde \u015eanl\u0131urfa&#8217;n\u0131n bir\u00e7ok il\u00e7esinde Sesler yank\u0131lanmaya devam ediyor.<\/strong><\/p>\n\n\n\n<p>\u015eanl\u0131urfa\u2019n\u0131n S\u0131n\u0131r b\u00f6lgesinde bulunan Ceylanp\u0131nar il\u00e7esinde Ak Parti Genel kurulunca Aday g\u00f6sterilen Seyithan Atilla Se\u00e7im b\u00fcrosunu a\u00e7arak vatanda\u015flar\u0131 a\u011f\u0131rlamaya ba\u015flad\u0131. Yo\u011fun kat\u0131l\u0131m\u0131n oldu\u011fu Se\u00e7im B\u00fcrosunda zaman zaman miting havas\u0131nda ge\u00e7iyor.<\/p>\n\n\n\n<figure class=\"wp-block-image size-large\"><img loading=\"lazy\" decoding=\"async\" width=\"1024\" height=\"768\" src=\"https:\/\/www.urfabugun.com\/wp-content\/uploads\/2024\/02\/fa61de49-fb42-4f93-9fe1-63249fa394a0-1024x768.jpg\" alt=\"\" class=\"wp-image-11655\"\/><\/figure>\n\n\n\n<p>Vatanda\u015flar\u0131n ve esnaf\u0131n b\u00fcy\u00fck kat\u0131l\u0131m\u0131 ile Ceylanp\u0131nar i\u00e7in Yeni bir D\u00f6nem ba\u015flayaca\u011f\u0131n\u0131 ifade eden Seyithan Atilla Kar\u015f\u0131la\u015ft\u0131\u011f\u0131 b\u00fcy\u00fck deste\u011fe te\u015fekk\u00fcr etti.<\/p>\n\n\n\n<figure class=\"wp-block-embed is-type-video is-provider-youtube wp-block-embed-youtube wp-embed-aspect-16-9 wp-has-aspect-ratio\"><div class=\"wp-block-embed__wrapper\">\n<iframe loading=\"lazy\" title=\"10 \u015eubat 2024\" width=\"500\" height=\"281\" src=\"data:image\/png;base64,iVBORw0KGgoAAAANSUhEUgAAAAIAAAABCAQAAABeK7cBAAAAC0lEQVR42mNkAAIAAAoAAv\/lxKUAAAAASUVORK5CYII=\" data-src=\"https:\/\/www.youtube.com\/embed\/YDKdLb7RaTo?feature=oembed\" frameborder=\"0\" allow=\"accelerometer; autoplay; clipboard-write; encrypted-media; gyroscope; picture-in-picture; web-share\" referrerpolicy=\"strict-origin-when-cross-origin\" class=\"kanews-lazy\" allowfullscreen><\/iframe>\n<\/div><\/figure>\n","protected":false},"excerpt":{"rendered":"<p>31 Mart 2024 Tarihinde yap\u0131lacak olan Yerel Se\u00e7imlerde \u015eanl\u0131urfa&#8217;n\u0131n bir\u00e7ok il\u00e7esinde Sesler yank\u0131lanmaya devam ediyor. \u015eanl\u0131urfa\u2019n\u0131n&#46;&#46;&#46;<\/p>\n","protected":false},"author":2,"featured_media":11654,"comment_status":"open","ping_status":"open","sticky":false,"template":"","format":"standard","meta":{"inline_featured_image":false,"footnotes":""},"categories":[82],"tags":[3495,3494,118,3493,131,107],"manset":[],"class_list":["post-11652","post","type-post","status-publish","format-standard","has-post-thumbnail","hentry","category-gundem-haberleri","tag-baskan-atilla","tag-ceylanpinar-belediye-baskan-adayi","tag-sanliurfa","tag-seyithan-atilla","tag-son-dakika","tag-ub"],"_links":{"self":[{"href":"https:\/\/www.urfabugun.com\/index.php\/wp-json\/wp\/v2\/posts\/11652","targetHints":{"allow":["GET"]}}],"collection":[{"href":"https:\/\/www.urfabugun.com\/index.php\/wp-json\/wp\/v2\/posts"}],"about":[{"href":"https:\/\/www.urfabugun.com\/index.php\/wp-json\/wp\/v2\/types\/post"}],"author":[{"embeddable":true,"href":"https:\/\/www.urfabugun.com\/index.php\/wp-json\/wp\/v2\/users\/2"}],"replies":[{"embeddable":true,"href":"https:\/\/www.urfabugun.com\/index.php\/wp-json\/wp\/v2\/comments?post=11652"}],"version-history":[{"count":0,"href":"https:\/\/www.urfabugun.com\/index.php\/wp-json\/wp\/v2\/posts\/11652\/revisions"}],"wp:featuredmedia":[{"embeddable":true,"href":"https:\/\/www.urfabugun.com\/index.php\/wp-json\/wp\/v2\/media\/11654"}],"wp:attachment":[{"href":"https:\/\/www.urfabugun.com\/index.php\/wp-json\/wp\/v2\/media?parent=11652"}],"wp:term":[{"taxonomy":"category","embeddable":true,"href":"https:\/\/www.urfabugun.com\/index.php\/wp-json\/wp\/v2\/categories?post=11652"},{"taxonomy":"post_tag","embeddable":true,"href":"https:\/\/www.urfabugun.com\/index.php\/wp-json\/wp\/v2\/tags?post=11652"},{"taxonomy":"manset","embeddable":true,"href":"https:\/\/www.urfabugun.com\/index.php\/wp-json\/wp\/v2\/manset?post=11652"}],"curies":[{"name":"wp","href":"https:\/\/api.w.org\/{rel}","templated":true}]}}