{"id":11676,"date":"2024-02-11T14:33:13","date_gmt":"2024-02-11T11:33:13","guid":{"rendered":"https:\/\/www.urfabugun.com\/?p=11676"},"modified":"2024-02-11T14:33:19","modified_gmt":"2024-02-11T11:33:19","slug":"sanliurfada-selden-etkilenen-muzeler-yeniden-ziyaretci-agirlamaya-baslayacak","status":"publish","type":"post","link":"https:\/\/www.urfabugun.com\/index.php\/2024\/02\/11\/sanliurfada-selden-etkilenen-muzeler-yeniden-ziyaretci-agirlamaya-baslayacak\/","title":{"rendered":"\u015eanl\u0131urfa&#8217;da Selden Etkilenen M\u00fczeler Yeniden Ziyaret\u00e7i A\u011f\u0131rlamaya Ba\u015flayacak!"},"content":{"rendered":"\n<p><\/p>\n\n\n\n<p><strong>\u015eanl\u0131urfa\u2019da 15 Mart&#8217;ta ya\u015fanan sel felaketinden etkilenen, Arkeoloji M\u00fczesi ve Haleplibah\u00e7e Mozaik M\u00fczesi 1 y\u0131l sonra yeniden ziyaret\u00e7i a\u011f\u0131rlamaya ba\u015flayacak.<\/strong><\/p>\n\n\n\n<figure class=\"wp-block-image size-full\"><img loading=\"lazy\" decoding=\"async\" width=\"640\" height=\"360\" src=\"https:\/\/www.urfabugun.com\/wp-content\/uploads\/2024\/02\/IMG_9974-1.jpeg\" alt=\"\" class=\"wp-image-11680\"\/><\/figure>\n\n\n\n<p>\u015eanl\u0131urfa&#8217;da 6 \u015eubat depremlerinin ard\u0131ndan ya\u015fanan sel felaketi sonras\u0131 bak\u0131m, onar\u0131m ve tadilat \u00e7al\u0131\u015fmalar\u0131 sebebiyle ziyarete kapat\u0131lan Arkeoloji ve Haleplibah\u00e7e Mozaik m\u00fczeleri, yakla\u015f\u0131k 11 ay sonra kap\u0131lar\u0131n\u0131 yeniden ziyaret\u00e7ilerine a\u00e7acak.<\/p>\n\n\n\n<figure class=\"wp-block-image size-full\"><img loading=\"lazy\" decoding=\"async\" width=\"640\" height=\"360\" src=\"https:\/\/www.urfabugun.com\/wp-content\/uploads\/2024\/02\/IMG_9973.jpeg\" alt=\"\" class=\"wp-image-11681\"\/><\/figure>\n","protected":false},"excerpt":{"rendered":"<p>\u015eanl\u0131urfa\u2019da 15 Mart&#8217;ta ya\u015fanan sel felaketinden etkilenen, Arkeoloji M\u00fczesi ve Haleplibah\u00e7e Mozaik M\u00fczesi 1 y\u0131l sonra&#46;&#46;&#46;<\/p>\n","protected":false},"author":2,"featured_media":11678,"comment_status":"open","ping_status":"open","sticky":false,"template":"","format":"standard","meta":{"inline_featured_image":false,"footnotes":""},"categories":[82],"tags":[178,118,868,131,107,130,608,93],"manset":[],"class_list":["post-11676","post","type-post","status-publish","format-standard","has-post-thumbnail","hentry","category-gundem-haberleri","tag-deprem","tag-sanliurfa","tag-sel","tag-son-dakika","tag-ub","tag-urfa","tag-urfa-bugun","tag-ust"],"_links":{"self":[{"href":"https:\/\/www.urfabugun.com\/index.php\/wp-json\/wp\/v2\/posts\/11676","targetHints":{"allow":["GET"]}}],"collection":[{"href":"https:\/\/www.urfabugun.com\/index.php\/wp-json\/wp\/v2\/posts"}],"about":[{"href":"https:\/\/www.urfabugun.com\/index.php\/wp-json\/wp\/v2\/types\/post"}],"author":[{"embeddable":true,"href":"https:\/\/www.urfabugun.com\/index.php\/wp-json\/wp\/v2\/users\/2"}],"replies":[{"embeddable":true,"href":"https:\/\/www.urfabugun.com\/index.php\/wp-json\/wp\/v2\/comments?post=11676"}],"version-history":[{"count":0,"href":"https:\/\/www.urfabugun.com\/index.php\/wp-json\/wp\/v2\/posts\/11676\/revisions"}],"wp:featuredmedia":[{"embeddable":true,"href":"https:\/\/www.urfabugun.com\/index.php\/wp-json\/wp\/v2\/media\/11678"}],"wp:attachment":[{"href":"https:\/\/www.urfabugun.com\/index.php\/wp-json\/wp\/v2\/media?parent=11676"}],"wp:term":[{"taxonomy":"category","embeddable":true,"href":"https:\/\/www.urfabugun.com\/index.php\/wp-json\/wp\/v2\/categories?post=11676"},{"taxonomy":"post_tag","embeddable":true,"href":"https:\/\/www.urfabugun.com\/index.php\/wp-json\/wp\/v2\/tags?post=11676"},{"taxonomy":"manset","embeddable":true,"href":"https:\/\/www.urfabugun.com\/index.php\/wp-json\/wp\/v2\/manset?post=11676"}],"curies":[{"name":"wp","href":"https:\/\/api.w.org\/{rel}","templated":true}]}}