{"id":11740,"date":"2024-02-12T16:36:38","date_gmt":"2024-02-12T13:36:38","guid":{"rendered":"https:\/\/www.urfabugun.com\/?p=11740"},"modified":"2024-02-12T16:36:45","modified_gmt":"2024-02-12T13:36:45","slug":"baskan-beyazgulsanliurfa-fuar-sehri-olacak","status":"publish","type":"post","link":"https:\/\/www.urfabugun.com\/index.php\/2024\/02\/12\/baskan-beyazgulsanliurfa-fuar-sehri-olacak\/","title":{"rendered":"Ba\u015fkan Beyazg\u00fcl:\u201d\u015eanl\u0131urfa Fuar \u015eehri Olacak!\u201d"},"content":{"rendered":"\n<p><\/p>\n\n\n\n<p><strong>\u015eanl\u0131urfa B\u00fcy\u00fck\u015fehir Belediye Ba\u015fkan\u0131 Zeynel Abidin Beyazg\u00fcl de fuar\u0131 ziyaret ederek vatanda\u015flarla yak\u0131ndan ilgilenerek \u015eanl\u0131urfa\u2019n\u0131n fuar \u015fehri olaca\u011f\u0131n\u0131 kaydetti.<\/strong><\/p>\n\n\n\n<p>T\u00fcrkiye\u2019nin bir\u00e7ok ilinden tescilli co\u011frafi i\u015faretli y\u00f6resel \u00fcr\u00fcnlerin sergilendi\u011fi 12. G\u0131da &#8211; Y\u00f6resel \u00dcr\u00fcnler &#8211; Hadiyelik E\u015fya &#8211; Tekstil &#8211; Giyim ve El Sanatlar\u0131 Fuar\u0131 \u015eanl\u0131urfa Fuar Merkezinde ziyaret\u00e7ilerini a\u011f\u0131l\u0131yor.<\/p>\n\n\n\n<p>\u0130lginin yo\u011fun oldu\u011fu fuar\u0131 ziyaret eden Ba\u015fkan Beyazg\u00fcl stantlar\u0131 tek tek dola\u015farak kat\u0131l\u0131mc\u0131 firmalara hay\u0131rl\u0131 kazan\u00e7lar temennisinde bulundu.<br><br>Vatanda\u015flar\u0131n tevecc\u00fch\u00fc ile kar\u015f\u0131lanan Ba\u015fkan Beyazg\u00fcl fuar\u0131 ziyaret eden vatanda\u015flarla da yak\u0131ndan ilgilenerek gelen talep ve \u00f6nerileri dinledi.<\/p>\n\n\n\n<figure class=\"wp-block-image size-large\"><img loading=\"lazy\" decoding=\"async\" width=\"1024\" height=\"682\" src=\"https:\/\/www.urfabugun.com\/wp-content\/uploads\/2024\/02\/5719fb49-4cb5-4f52-a800-3ffd48f68497-1024x682.jpeg\" alt=\"\" class=\"wp-image-11742\"\/><\/figure>\n\n\n\n<p>Vatanda\u015flara \u015eanl\u0131urfa\u2019n\u0131n fuarlar \u015fehri olmaya devam edece\u011fini aktaran Ba\u015fkan Beyazg\u00fcl, \u015fehrin de\u011fi\u015fti\u011fini ve g\u00fczelle\u015fti\u011fini ve yeni d\u00f6nemde \u015eanl\u0131urfa\u2019n\u0131n daha da g\u00fczelle\u015fece\u011fini kaydetti.<\/p>\n\n\n\n<p>BA\u015eKAN BEYAZG\u00dcL, \u201cVATANDA\u015eLARIMIZI FUARA DAVET ED\u0130YORUM\u201d<\/p>\n\n\n\n<p>\u015eanl\u0131urfa\u2019n\u0131n fuarlarlar \u015fehri olma y\u00f6n\u00fcnde emin ad\u0131mlarla ilerledi\u011fini kaydeden Ba\u015fkan Beyazg\u00fcl, \u201c \u015fehrimizde 12.\u2019si a\u00e7\u0131lan G\u0131da &#8211; Y\u00f6resel \u00dcr\u00fcnler &#8211; Hadiyelik E\u015fya &#8211; Tekstil &#8211; Giyim ve El Sanatlar\u0131 Fuar\u0131nday\u0131z.<\/p>\n\n\n\n<p>Giyim ve g\u0131da \u00fcr\u00fcnlerinde \u00f6nc\u00fc firmalar burada stantlar\u0131n\u0131 a\u00e7t\u0131lar. Vatanda\u015flar\u0131m\u0131z\u0131n \u00e7ok ilgisi var bu fuara fuar alan\u0131n\u0131 ger\u00e7ekten g\u00fczel bir ilgi g\u00f6r\u00fcyor.<\/p>\n\n\n\n<p>B\u00fct\u00fcn vatanda\u015flar\u0131m\u0131z\u0131 \u015eanl\u0131urfa Fuar Merkezine davet ediyoruz. Bu fuarlar\u0131n devam\u0131 gelecektir. Ge\u00e7mi\u015fte de \u015funu ifade etmi\u015ftik. \u015eanl\u0131urfa fuarlar \u015fehri olacak demi\u015ftik.<\/p>\n\n\n\n<p>Yetkililerle yapm\u0131\u015f oldu\u011fumuz g\u00f6r\u00fc\u015fmelerde kad\u0131n giri\u015fimciler fuar\u0131 ve di\u011fer fuarlar konusunda daha s\u0131k fuarlar yap\u0131lmas\u0131 konusunda bir prensip anla\u015fmas\u0131 da yapt\u0131k. Fuarlar\u0131n memleketimiz i\u00e7in hay\u0131rl\u0131 ve u\u011furlu olmas\u0131n\u0131 diliyorum.\u201d \u0130fadelerine yer verdi.<\/p>\n","protected":false},"excerpt":{"rendered":"<p>\u015eanl\u0131urfa B\u00fcy\u00fck\u015fehir Belediye Ba\u015fkan\u0131 Zeynel Abidin Beyazg\u00fcl de fuar\u0131 ziyaret ederek vatanda\u015flarla yak\u0131ndan ilgilenerek \u015eanl\u0131urfa\u2019n\u0131n fuar&#46;&#46;&#46;<\/p>\n","protected":false},"author":2,"featured_media":11743,"comment_status":"open","ping_status":"open","sticky":false,"template":"","format":"standard","meta":{"inline_featured_image":false,"footnotes":""},"categories":[82],"tags":[172,3514,131,107],"manset":[],"class_list":["post-11740","post","type-post","status-publish","format-standard","has-post-thumbnail","hentry","category-gundem-haberleri","tag-baskan-beyazgul","tag-baskan-beyazgulsanliurfa-fuar-sehri-olacak","tag-son-dakika","tag-ub"],"_links":{"self":[{"href":"https:\/\/www.urfabugun.com\/index.php\/wp-json\/wp\/v2\/posts\/11740","targetHints":{"allow":["GET"]}}],"collection":[{"href":"https:\/\/www.urfabugun.com\/index.php\/wp-json\/wp\/v2\/posts"}],"about":[{"href":"https:\/\/www.urfabugun.com\/index.php\/wp-json\/wp\/v2\/types\/post"}],"author":[{"embeddable":true,"href":"https:\/\/www.urfabugun.com\/index.php\/wp-json\/wp\/v2\/users\/2"}],"replies":[{"embeddable":true,"href":"https:\/\/www.urfabugun.com\/index.php\/wp-json\/wp\/v2\/comments?post=11740"}],"version-history":[{"count":0,"href":"https:\/\/www.urfabugun.com\/index.php\/wp-json\/wp\/v2\/posts\/11740\/revisions"}],"wp:featuredmedia":[{"embeddable":true,"href":"https:\/\/www.urfabugun.com\/index.php\/wp-json\/wp\/v2\/media\/11743"}],"wp:attachment":[{"href":"https:\/\/www.urfabugun.com\/index.php\/wp-json\/wp\/v2\/media?parent=11740"}],"wp:term":[{"taxonomy":"category","embeddable":true,"href":"https:\/\/www.urfabugun.com\/index.php\/wp-json\/wp\/v2\/categories?post=11740"},{"taxonomy":"post_tag","embeddable":true,"href":"https:\/\/www.urfabugun.com\/index.php\/wp-json\/wp\/v2\/tags?post=11740"},{"taxonomy":"manset","embeddable":true,"href":"https:\/\/www.urfabugun.com\/index.php\/wp-json\/wp\/v2\/manset?post=11740"}],"curies":[{"name":"wp","href":"https:\/\/api.w.org\/{rel}","templated":true}]}}