{"id":11745,"date":"2024-02-12T16:55:20","date_gmt":"2024-02-12T13:55:20","guid":{"rendered":"https:\/\/www.urfabugun.com\/?p=11745"},"modified":"2024-02-12T16:55:27","modified_gmt":"2024-02-12T13:55:27","slug":"haliliyede-otomobilin-carptigi-cocuk-oldu","status":"publish","type":"post","link":"https:\/\/www.urfabugun.com\/index.php\/2024\/02\/12\/haliliyede-otomobilin-carptigi-cocuk-oldu\/","title":{"rendered":"Haliliye\u2019de Otomobilin \u00c7arpt\u0131\u011f\u0131 \u00c7ocuk \u00d6ld\u00fc!"},"content":{"rendered":"\n<p><\/p>\n\n\n\n<p><strong>\u015eanl\u0131urfa&#8217;n\u0131n Haliliye il\u00e7esinde yolun kar\u015f\u0131s\u0131nda ge\u00e7mek isterken otomobil \u00e7arpt\u0131\u011f\u0131 \u00e7ocuk hayat\u0131n\u0131 kaybetti.<\/strong><\/p>\n\n\n\n<p>Kaza, Haliliye il\u00e7esi Recep Tayyip Erdo\u011fan Bulvar\u0131nda meydana geldi.<\/p>\n\n\n\n<p>Al\u0131nan bilgilere g\u00f6re, \u0130.S. y\u00f6netimindeki 63 CK 689 plakal\u0131 otomobil, Recep Tayyip Erdo\u011fan Bulvar\u0131nda yolun kar\u015f\u0131s\u0131na ge\u00e7meye \u00e7al\u0131\u015fan Abut Demirkan&#8217;a (5) \u00e7arpt\u0131.<\/p>\n\n\n\n<p>\u00c7arpman\u0131n etkisi ile \u00e7ocuk a\u011f\u0131r yaraland\u0131. Kazan\u0131n ihbar\u0131 \u00fczerine olay yerinde sa\u011fl\u0131k ekibi sevk edildi.<\/p>\n\n\n\n<p>A\u011f\u0131r yaralanan \u00e7ocuk ambulans ile \u015eanl\u0131urfa Mehmet Akif \u0130nan E\u011fitim ve Ara\u015ft\u0131rma hastanesine kald\u0131r\u0131ld\u0131.<\/p>\n\n\n\n<p>Burada yap\u0131lan t\u00fcm m\u00fcdahaleye ra\u011fmen kurtulmayarak hayat\u0131n\u0131 kaybetti.<\/p>\n\n\n\n<p>Otomobil s\u00fcr\u00fcc\u00fcs\u00fc \u0130.S. ise g\u00f6zalt\u0131na al\u0131nd\u0131.<\/p>\n\n\n\n<p>Kazayla ilgili soru\u015fturma ba\u015flat\u0131ld\u0131.<\/p>\n","protected":false},"excerpt":{"rendered":"<p>\u015eanl\u0131urfa&#8217;n\u0131n Haliliye il\u00e7esinde yolun kar\u015f\u0131s\u0131nda ge\u00e7mek isterken otomobil \u00e7arpt\u0131\u011f\u0131 \u00e7ocuk hayat\u0131n\u0131 kaybetti. Kaza, Haliliye il\u00e7esi Recep&#46;&#46;&#46;<\/p>\n","protected":false},"author":2,"featured_media":10822,"comment_status":"open","ping_status":"open","sticky":false,"template":"","format":"standard","meta":{"inline_featured_image":false,"footnotes":""},"categories":[75],"tags":[184,3515,118,131,107],"manset":[],"class_list":["post-11745","post","type-post","status-publish","format-standard","has-post-thumbnail","hentry","category-asayis-haberleri","tag-asayis","tag-haliliyede-otomobilin-carptigi-cocuk-oldu","tag-sanliurfa","tag-son-dakika","tag-ub"],"_links":{"self":[{"href":"https:\/\/www.urfabugun.com\/index.php\/wp-json\/wp\/v2\/posts\/11745","targetHints":{"allow":["GET"]}}],"collection":[{"href":"https:\/\/www.urfabugun.com\/index.php\/wp-json\/wp\/v2\/posts"}],"about":[{"href":"https:\/\/www.urfabugun.com\/index.php\/wp-json\/wp\/v2\/types\/post"}],"author":[{"embeddable":true,"href":"https:\/\/www.urfabugun.com\/index.php\/wp-json\/wp\/v2\/users\/2"}],"replies":[{"embeddable":true,"href":"https:\/\/www.urfabugun.com\/index.php\/wp-json\/wp\/v2\/comments?post=11745"}],"version-history":[{"count":0,"href":"https:\/\/www.urfabugun.com\/index.php\/wp-json\/wp\/v2\/posts\/11745\/revisions"}],"wp:featuredmedia":[{"embeddable":true,"href":"https:\/\/www.urfabugun.com\/index.php\/wp-json\/wp\/v2\/media\/10822"}],"wp:attachment":[{"href":"https:\/\/www.urfabugun.com\/index.php\/wp-json\/wp\/v2\/media?parent=11745"}],"wp:term":[{"taxonomy":"category","embeddable":true,"href":"https:\/\/www.urfabugun.com\/index.php\/wp-json\/wp\/v2\/categories?post=11745"},{"taxonomy":"post_tag","embeddable":true,"href":"https:\/\/www.urfabugun.com\/index.php\/wp-json\/wp\/v2\/tags?post=11745"},{"taxonomy":"manset","embeddable":true,"href":"https:\/\/www.urfabugun.com\/index.php\/wp-json\/wp\/v2\/manset?post=11745"}],"curies":[{"name":"wp","href":"https:\/\/api.w.org\/{rel}","templated":true}]}}