{"id":11812,"date":"2024-02-14T08:04:13","date_gmt":"2024-02-14T05:04:13","guid":{"rendered":"https:\/\/www.urfabugun.com\/?p=11812"},"modified":"2024-02-14T08:04:54","modified_gmt":"2024-02-14T05:04:54","slug":"sanliurfada-bir-mahalle-sular-altinda-kaldi","status":"publish","type":"post","link":"https:\/\/www.urfabugun.com\/index.php\/2024\/02\/14\/sanliurfada-bir-mahalle-sular-altinda-kaldi\/","title":{"rendered":"\u015eanl\u0131urfa\u2019da Bir Mahalle Sular Alt\u0131nda Kald\u0131!"},"content":{"rendered":"\n<p><\/p>\n\n\n\n<p><strong>\u015eanl\u0131urfa\u2019da ya\u015fanan kuvvetli ya\u011fmurun ard\u0131ndan bir mahalle adeta sular alt\u0131nda kald\u0131.<\/strong><\/p>\n\n\n\n<p>Meteoroloji Genel M\u00fcd\u00fcrl\u00fc\u011f\u00fcn\u00fcn d\u00fcn uyard\u0131\u011f\u0131 \u015eanl\u0131urfa\u2019da vatanda\u015flar g\u00fcne adeta felaketle uyand\u0131. Gece saatlerinde etkili olmayan ba\u015flayan sa\u011fanak ya\u011fmur \u00e7ok say\u0131da adreste su bask\u0131n\u0131na neden oldu.<\/p>\n\n\n\n<figure class=\"wp-block-image size-large\"><img loading=\"lazy\" decoding=\"async\" width=\"1024\" height=\"576\" src=\"https:\/\/www.urfabugun.com\/wp-content\/uploads\/2024\/02\/059d1d9f-f384-4de5-b5b8-eb1c41150817-1024x576.jpeg\" alt=\"\" class=\"wp-image-11814\"\/><\/figure>\n\n\n\n<p>\u015eiddetli ya\u011fmurun etkili oldu\u011fu \u015eanl\u0131urfa\u2019da okullar 1 g\u00fcnl\u00fc\u011f\u00fcne tatil edildi.<\/p>\n\n\n\n<p>Kent genelinde etkili olan kuvvetli ya\u011fmur nedeniyle bir\u00e7ok noktada su bask\u0131nlar\u0131 meydana geldi.<\/p>\n\n\n\n<p>Haliliye il\u00e7esine ba\u011fl\u0131 S\u00fcleymaniye Mahallesi ise adeta sular\u0131n alt\u0131nda kald\u0131. Mahallede \u00e7ok say\u0131da ev su bask\u0131n\u0131 ya\u015fand\u0131.<\/p>\n\n\n\n<p>Mahsur kalan vatanda\u015flar ise kep\u00e7e yard\u0131m\u0131 ile kurtar\u0131ld\u0131. \u00c7ok say\u0131da ki\u015finin ise mahallede balkonlarda bekledi\u011fi g\u00f6r\u00fcld\u00fc.<\/p>\n\n\n\n<p><\/p>\n\n\n\n<p>Kaynak: Urfanatik <\/p>\n","protected":false},"excerpt":{"rendered":"<p>\u015eanl\u0131urfa\u2019da ya\u015fanan kuvvetli ya\u011fmurun ard\u0131ndan bir mahalle adeta sular alt\u0131nda kald\u0131. Meteoroloji Genel M\u00fcd\u00fcrl\u00fc\u011f\u00fcn\u00fcn d\u00fcn uyard\u0131\u011f\u0131&#46;&#46;&#46;<\/p>\n","protected":false},"author":2,"featured_media":11815,"comment_status":"open","ping_status":"open","sticky":false,"template":"","format":"standard","meta":{"inline_featured_image":false,"footnotes":""},"categories":[82,92],"tags":[3537,178,219,118,3539,3538,868,131,139,107,881,93],"manset":[],"class_list":["post-11812","post","type-post","status-publish","format-standard","has-post-thumbnail","hentry","category-gundem-haberleri","category-yasam-haberleri","tag-antalya-sel","tag-deprem","tag-meteoroloji","tag-sanliurfa","tag-sanliurfada-bir-mahalle-sular-altinda-kaldi","tag-sanliurfada-sel","tag-sel","tag-son-dakika","tag-sondakika","tag-ub","tag-urfa-sel","tag-ust"],"_links":{"self":[{"href":"https:\/\/www.urfabugun.com\/index.php\/wp-json\/wp\/v2\/posts\/11812","targetHints":{"allow":["GET"]}}],"collection":[{"href":"https:\/\/www.urfabugun.com\/index.php\/wp-json\/wp\/v2\/posts"}],"about":[{"href":"https:\/\/www.urfabugun.com\/index.php\/wp-json\/wp\/v2\/types\/post"}],"author":[{"embeddable":true,"href":"https:\/\/www.urfabugun.com\/index.php\/wp-json\/wp\/v2\/users\/2"}],"replies":[{"embeddable":true,"href":"https:\/\/www.urfabugun.com\/index.php\/wp-json\/wp\/v2\/comments?post=11812"}],"version-history":[{"count":0,"href":"https:\/\/www.urfabugun.com\/index.php\/wp-json\/wp\/v2\/posts\/11812\/revisions"}],"wp:featuredmedia":[{"embeddable":true,"href":"https:\/\/www.urfabugun.com\/index.php\/wp-json\/wp\/v2\/media\/11815"}],"wp:attachment":[{"href":"https:\/\/www.urfabugun.com\/index.php\/wp-json\/wp\/v2\/media?parent=11812"}],"wp:term":[{"taxonomy":"category","embeddable":true,"href":"https:\/\/www.urfabugun.com\/index.php\/wp-json\/wp\/v2\/categories?post=11812"},{"taxonomy":"post_tag","embeddable":true,"href":"https:\/\/www.urfabugun.com\/index.php\/wp-json\/wp\/v2\/tags?post=11812"},{"taxonomy":"manset","embeddable":true,"href":"https:\/\/www.urfabugun.com\/index.php\/wp-json\/wp\/v2\/manset?post=11812"}],"curies":[{"name":"wp","href":"https:\/\/api.w.org\/{rel}","templated":true}]}}