{"id":11818,"date":"2024-02-14T10:54:13","date_gmt":"2024-02-14T07:54:13","guid":{"rendered":"https:\/\/www.urfabugun.com\/?p=11818"},"modified":"2024-02-14T10:54:19","modified_gmt":"2024-02-14T07:54:19","slug":"firat-nehri-tehlikede-mi-bakanliktan-aciklama","status":"publish","type":"post","link":"https:\/\/www.urfabugun.com\/index.php\/2024\/02\/14\/firat-nehri-tehlikede-mi-bakanliktan-aciklama\/","title":{"rendered":"F\u0131rat Nehri Tehlikede Mi? Bakanl\u0131k&#8217;tan A\u00e7\u0131klama!"},"content":{"rendered":"\n<p><\/p>\n\n\n\n<p><strong>Erzincan&#8217;\u0131n \u0130li\u00e7 il\u00e7esinde meydana gelen toprak kaymas\u0131 felaketinin ard\u0131ndan siyan\u00fcr ve kimyasal malzemelerin F\u0131rat Nehri&#8217;ne s\u0131zaca\u011f\u0131 endi\u015fesi olu\u015ftu.<\/strong><\/p>\n\n\n\n<p>\u00c7evre, \u015eehircilik ve \u0130klim De\u011fi\u015fikli\u011fi Bakanl\u0131\u011f\u0131, Erzincan&#8217;\u0131n \u0130li\u00e7 il\u00e7esinde meydana gelen toprak kaymas\u0131yla ilgili yapt\u0131\u011f\u0131 a\u00e7\u0131klamada, &#8220;Toprak kaymas\u0131 s\u0131ras\u0131nda akan malzemenin F\u0131rat Nehri&#8217;ne ula\u015fmas\u0131n\u0131n engellenmesi amac\u0131yla Sab\u0131rl\u0131 Deresi&#8217;nin F\u0131rat Nehri&#8217;ne ula\u015ft\u0131\u011f\u0131 menfezin kapaklar\u0131n\u0131 kapatt\u0131rd\u0131k.&#8221; ifadelerine yer verdi.<\/p>\n\n\n\n<p><strong>\u00c7EVRE BAKANLI\u011eINDAN A\u00c7IKLAMA<\/strong><\/p>\n\n\n\n<p>Felaketin ard\u0131ndan \u00c7evre, \u015eehircilik ve \u0130klim De\u011fi\u015fikli\u011fi Bakanl\u0131\u011f\u0131&#8217;ndan bir a\u00e7\u0131klama geldi. A\u00e7\u0131klamada \u015fu ifadelere yer verildi: &#8220;Erzincan \u0130li\u00e7&#8217;te meydana gelen maden kazas\u0131nda toprak alt\u0131nda kalan i\u015f\u00e7ilerimize bir an evvel sa\u011f salim ula\u015f\u0131lmas\u0131 en b\u00fcy\u00fck temennimiz.<\/p>\n\n\n\n<p>Devletimizin t\u00fcm imkanlar\u0131yla sahaday\u0131z. Arama kurtarma \u00e7al\u0131\u015fmalar\u0131 AFAD koordinasyonunda devam ediyor.<\/p>\n\n\n\n<p>Toprak kaymas\u0131 felaketinde bir risk daha: Akan malzemenin F\u0131rat Nehri&#8217;ne ula\u015fmas\u0131n\u0131 engellemek i\u00e7in Sab\u0131rl\u0131 Deresi&#8217;nin menfez kapaklar\u0131n\u0131 kapatt\u0131k<\/p>\n\n\n\n<p><strong>&#8220;SABIRLI DERES\u0130&#8217;N\u0130N FIRAT NEHR\u0130&#8217;NE ULA\u015eTI\u011eI MENFEZ\u0130N KAPAKLARINI KAPATTIRDIK&#8221;<\/strong><\/p>\n\n\n\n<p>Bununla birlikte toprak kaymas\u0131n\u0131n hemen ard\u0131ndan Bakanl\u0131\u011f\u0131m\u0131z merkez ve \u0130l M\u00fcd\u00fcrl\u00fc\u011f\u00fcm\u00fcz Denetim Ekiplerini b\u00f6lgeye ivedilikle sevk ettik.<\/p>\n\n\n\n<p>Toprak kaymas\u0131 s\u0131ras\u0131nda akan malzemenin F\u0131rat Nehri&#8217;ne ula\u015fmas\u0131n\u0131n engellenmesi amac\u0131yla Sab\u0131rl\u0131 Deresi&#8217;nin F\u0131rat Nehri&#8217;ne ula\u015ft\u0131\u011f\u0131 menfezin kapaklar\u0131n\u0131 kapatt\u0131rd\u0131k. Ekiplerimiz sahada \u00e7al\u0131\u015fmalar\u0131n\u0131 s\u00fcrd\u00fcr\u00fcyor, geli\u015fmeleri hassasiyetle takip ediyoruz.&#8221;<\/p>\n","protected":false},"excerpt":{"rendered":"<p>Erzincan&#8217;\u0131n \u0130li\u00e7 il\u00e7esinde meydana gelen toprak kaymas\u0131 felaketinin ard\u0131ndan siyan\u00fcr ve kimyasal malzemelerin F\u0131rat Nehri&#8217;ne s\u0131zaca\u011f\u0131&#46;&#46;&#46;<\/p>\n","protected":false},"author":2,"featured_media":11820,"comment_status":"open","ping_status":"open","sticky":false,"template":"","format":"standard","meta":{"inline_featured_image":false,"footnotes":""},"categories":[82],"tags":[3542,2160,3540,131,3543,107],"manset":[],"class_list":["post-11818","post","type-post","status-publish","format-standard","has-post-thumbnail","hentry","category-gundem-haberleri","tag-erzincan","tag-firat-nehri","tag-firat-nehri-tehlikede-mi-bakanliktan-aciklama","tag-son-dakika","tag-toprak-kaymasi","tag-ub"],"_links":{"self":[{"href":"https:\/\/www.urfabugun.com\/index.php\/wp-json\/wp\/v2\/posts\/11818","targetHints":{"allow":["GET"]}}],"collection":[{"href":"https:\/\/www.urfabugun.com\/index.php\/wp-json\/wp\/v2\/posts"}],"about":[{"href":"https:\/\/www.urfabugun.com\/index.php\/wp-json\/wp\/v2\/types\/post"}],"author":[{"embeddable":true,"href":"https:\/\/www.urfabugun.com\/index.php\/wp-json\/wp\/v2\/users\/2"}],"replies":[{"embeddable":true,"href":"https:\/\/www.urfabugun.com\/index.php\/wp-json\/wp\/v2\/comments?post=11818"}],"version-history":[{"count":0,"href":"https:\/\/www.urfabugun.com\/index.php\/wp-json\/wp\/v2\/posts\/11818\/revisions"}],"wp:featuredmedia":[{"embeddable":true,"href":"https:\/\/www.urfabugun.com\/index.php\/wp-json\/wp\/v2\/media\/11820"}],"wp:attachment":[{"href":"https:\/\/www.urfabugun.com\/index.php\/wp-json\/wp\/v2\/media?parent=11818"}],"wp:term":[{"taxonomy":"category","embeddable":true,"href":"https:\/\/www.urfabugun.com\/index.php\/wp-json\/wp\/v2\/categories?post=11818"},{"taxonomy":"post_tag","embeddable":true,"href":"https:\/\/www.urfabugun.com\/index.php\/wp-json\/wp\/v2\/tags?post=11818"},{"taxonomy":"manset","embeddable":true,"href":"https:\/\/www.urfabugun.com\/index.php\/wp-json\/wp\/v2\/manset?post=11818"}],"curies":[{"name":"wp","href":"https:\/\/api.w.org\/{rel}","templated":true}]}}