{"id":11834,"date":"2024-02-14T12:42:06","date_gmt":"2024-02-14T09:42:06","guid":{"rendered":"https:\/\/www.urfabugun.com\/?p=11834"},"modified":"2024-02-14T12:42:12","modified_gmt":"2024-02-14T09:42:12","slug":"viransehirde-gundem-olan-o-okul-icin-harekete-gecildi","status":"publish","type":"post","link":"https:\/\/www.urfabugun.com\/index.php\/2024\/02\/14\/viransehirde-gundem-olan-o-okul-icin-harekete-gecildi\/","title":{"rendered":"Viran\u015fehir\u2019de G\u00fcndem Olan O okul \u0130\u00e7in Harekete Ge\u00e7ildi!"},"content":{"rendered":"\n<p><\/p>\n\n\n\n<p><strong>\u015eanl\u0131urfa\u2019n\u0131n Viran\u015fehir il\u00e7esinde ge\u00e7ti\u011fimiz hafta ya\u015fanan okul yol sorununa \u015eanl\u0131urfa AK parti milletvekili Cevahir Asuman Yazmac\u0131\u2019n\u0131n giri\u015fimiyle \u00e7\u00f6z\u00fcld\u00fc.<\/strong><\/p>\n\n\n\n<p>Konuyla ilgili a\u00e7\u0131klama yapan \u015eanl\u0131urfa AK parti milletvekili Cevahir Asuman Yazmac\u0131; Viran\u015fehirli \u00e7ocuklar art\u0131k okullar\u0131na daha g\u00fcvenle gidecek.<br>\u00a0<br>Ge\u00e7ti\u011fimiz hafta sosyal medyada Viran\u015fehir il\u00e7emizde ya\u015fanan okul yolu sorununu fark edince hafta sonu belediye yetkililerimizle An\u0131t Mahallesini ziyaret ettik.<\/p>\n\n\n\n<p><br>\u00c7ocuklar\u0131n daha k\u0131sa mesafe ve daha g\u00fcvenli bir yol kullanabilmesi i\u00e7in \u015fah\u0131s arazilerin bir k\u0131sm\u0131n\u0131n kullan\u0131m\u0131 gerekti\u011fi tespit edildi.<\/p>\n\n\n\n\n\n<p>Arsa sahipleri ile yapt\u0131\u011f\u0131m\u0131z g\u00f6r\u00fc\u015fmelerde sa\u011f olsun hepsi duyarl\u0131 davrand\u0131 ve gelece\u011fimiz \u00e7ocuklar\u0131m\u0131z\u0131n kullan\u0131m\u0131 i\u00e7in arsalar\u0131ndan fedakarl\u0131k g\u00f6sterdi.<br>&nbsp;<br>Belediye ekiplerimiz Viran\u015fehir Belediye Ba\u015fkan\u0131m\u0131z Salih Ekinci\u2019nin talimat\u0131yla yol \u00e7al\u0131\u015fmalar\u0131na ba\u015flad\u0131.<br>&nbsp;<br>Duyarl\u0131 davranarak \u00e7ocuklar\u0131m\u0131z i\u00e7in arsalar\u0131ndan pay veren her bir vatanda\u015f\u0131m\u0131za ayr\u0131 ayr\u0131 \u015f\u00fckranlar\u0131m\u0131 sunuyorum. Zaman kaybetmeksizin yol yap\u0131m\u0131na ba\u015flayan belediye ekiplerine te\u015fekk\u00fcr ediyorum.<br>&nbsp;<br>B\u00f6lge sorunlar\u0131na \u00e7\u00f6z\u00fcm\u00fc hep birlikte \u00fcretmeye devam edece\u011fiz\u201d dedi.<\/p>\n","protected":false},"excerpt":{"rendered":"<p>\u015eanl\u0131urfa\u2019n\u0131n Viran\u015fehir il\u00e7esinde ge\u00e7ti\u011fimiz hafta ya\u015fanan okul yol sorununa \u015eanl\u0131urfa AK parti milletvekili Cevahir Asuman Yazmac\u0131\u2019n\u0131n&#46;&#46;&#46;<\/p>\n","protected":false},"author":2,"featured_media":11836,"comment_status":"open","ping_status":"open","sticky":false,"template":"","format":"standard","meta":{"inline_featured_image":false,"footnotes":""},"categories":[82],"tags":[3549,118,131,107,3548,3550],"manset":[],"class_list":["post-11834","post","type-post","status-publish","format-standard","has-post-thumbnail","hentry","category-gundem-haberleri","tag-cevahir-asuman-yazmaci","tag-sanliurfa","tag-son-dakika","tag-ub","tag-viransehir-2","tag-viransehir-okul-sorunu"],"_links":{"self":[{"href":"https:\/\/www.urfabugun.com\/index.php\/wp-json\/wp\/v2\/posts\/11834","targetHints":{"allow":["GET"]}}],"collection":[{"href":"https:\/\/www.urfabugun.com\/index.php\/wp-json\/wp\/v2\/posts"}],"about":[{"href":"https:\/\/www.urfabugun.com\/index.php\/wp-json\/wp\/v2\/types\/post"}],"author":[{"embeddable":true,"href":"https:\/\/www.urfabugun.com\/index.php\/wp-json\/wp\/v2\/users\/2"}],"replies":[{"embeddable":true,"href":"https:\/\/www.urfabugun.com\/index.php\/wp-json\/wp\/v2\/comments?post=11834"}],"version-history":[{"count":0,"href":"https:\/\/www.urfabugun.com\/index.php\/wp-json\/wp\/v2\/posts\/11834\/revisions"}],"wp:featuredmedia":[{"embeddable":true,"href":"https:\/\/www.urfabugun.com\/index.php\/wp-json\/wp\/v2\/media\/11836"}],"wp:attachment":[{"href":"https:\/\/www.urfabugun.com\/index.php\/wp-json\/wp\/v2\/media?parent=11834"}],"wp:term":[{"taxonomy":"category","embeddable":true,"href":"https:\/\/www.urfabugun.com\/index.php\/wp-json\/wp\/v2\/categories?post=11834"},{"taxonomy":"post_tag","embeddable":true,"href":"https:\/\/www.urfabugun.com\/index.php\/wp-json\/wp\/v2\/tags?post=11834"},{"taxonomy":"manset","embeddable":true,"href":"https:\/\/www.urfabugun.com\/index.php\/wp-json\/wp\/v2\/manset?post=11834"}],"curies":[{"name":"wp","href":"https:\/\/api.w.org\/{rel}","templated":true}]}}