{"id":11853,"date":"2024-02-14T15:26:03","date_gmt":"2024-02-14T12:26:03","guid":{"rendered":"https:\/\/www.urfabugun.com\/?p=11853"},"modified":"2024-02-14T15:26:10","modified_gmt":"2024-02-14T12:26:10","slug":"sanliurfada-cikarilan-neolitik-doneme-ait-81-eserilk-kez-teshir-edilecek","status":"publish","type":"post","link":"https:\/\/www.urfabugun.com\/index.php\/2024\/02\/14\/sanliurfada-cikarilan-neolitik-doneme-ait-81-eserilk-kez-teshir-edilecek\/","title":{"rendered":"\u015eanl\u0131urfa&#8217;da \u00c7\u0131kar\u0131lan Neolitik D\u00f6neme Ait 81 Eser\u0130lk Kez Te\u015fhir Edilecek!"},"content":{"rendered":"\n<p><\/p>\n\n\n\n<p><strong>\u015eanl\u0131urfa Arkeoloji M\u00fczesi&#8217;nde, neolitik d\u00f6neme ait 81 eser ilk kez sergilenecek.<\/strong><\/p>\n\n\n\n<p>Ziyarete 2015&#8217;te a\u00e7\u0131lan ve 30 bini kapal\u0131 olmak \u00fczere 60 bin metrekarelik alana sahip m\u00fczede, &#8220;tarihin s\u0131f\u0131r noktas\u0131&#8221; olarak nitelendirilen G\u00f6beklitepe ile Karahantepe gibi kaz\u0131larda \u00e7\u0131kar\u0131lan eserler sergileniyor.<\/p>\n\n\n\n<p>\u015eanl\u0131urfa&#8217;da 15 Mart 2023&#8217;te ya\u015fanan sel felaketinden etkilenen ve onar\u0131m \u00e7al\u0131\u015fmalar\u0131n\u0131n ard\u0131ndan yeniden ziyarete a\u00e7\u0131lacak olan m\u00fczede, Ta\u015f Tepeler projesi kapsam\u0131ndaki kaz\u0131lardan \u00e7\u0131kar\u0131lan 81 eser ilk kez ziyaret\u00e7iyle bulu\u015facak.<\/p>\n\n\n\n<figure class=\"wp-block-image size-full\"><img loading=\"lazy\" decoding=\"async\" width=\"750\" height=\"500\" src=\"https:\/\/www.urfabugun.com\/wp-content\/uploads\/2024\/02\/IMG_0306.jpeg\" alt=\"\" class=\"wp-image-11856\"\/><\/figure>\n\n\n\n<p>Bu eserler aras\u0131nda G\u00f6beklitepe&#8217;nin &#8220;D yap\u0131s\u0131nda&#8221; bulunan, y\u00fczeyinde boya kal\u0131nt\u0131lar\u0131 g\u00f6r\u00fclen kire\u00e7 ta\u015f\u0131ndan yap\u0131lm\u0131\u015f &#8220;yaban domuzu&#8221;, &#8220;k\u0131z\u0131l akbaba&#8221; heykelleri, insan heykeli ve boncuklardan yap\u0131lm\u0131\u015f s\u00fcs e\u015fyalar\u0131 gibi 81 eser yer al\u0131yor.<\/p>\n\n\n\n<p>\u015eanl\u0131urfa M\u00fczesi M\u00fcd\u00fcr\u00fc Celal Uluda\u011f, \u015eanl\u0131urfa Arkeoloji M\u00fczesinin neolitik \u00e7a\u011f eserlerini b\u00fcnyesinde bar\u0131nd\u0131rmas\u0131 a\u00e7\u0131s\u0131ndan d\u00fcnyan\u0131n en \u00f6nemli m\u00fczeleri aras\u0131nda yer ald\u0131\u011f\u0131n\u0131 s\u00f6yledi.<\/p>\n\n\n\n<p>\u015eanl\u0131urfa Arkeoloji M\u00fczesi&#8217;nde, neolitik d\u00f6neme ait 81 eser ilk kez sergilenecek.<\/p>\n","protected":false},"excerpt":{"rendered":"<p>\u015eanl\u0131urfa Arkeoloji M\u00fczesi&#8217;nde, neolitik d\u00f6neme ait 81 eser ilk kez sergilenecek. Ziyarete 2015&#8217;te a\u00e7\u0131lan ve 30&#46;&#46;&#46;<\/p>\n","protected":false},"author":2,"featured_media":11855,"comment_status":"open","ping_status":"open","sticky":false,"template":"","format":"standard","meta":{"inline_featured_image":false,"footnotes":""},"categories":[82],"tags":[118,3556,131,107],"manset":[],"class_list":["post-11853","post","type-post","status-publish","format-standard","has-post-thumbnail","hentry","category-gundem-haberleri","tag-sanliurfa","tag-sanliurfada-cikarilan-neolitik-doneme-ait-81-eserilk-kez-teshir-edilecek","tag-son-dakika","tag-ub"],"_links":{"self":[{"href":"https:\/\/www.urfabugun.com\/index.php\/wp-json\/wp\/v2\/posts\/11853","targetHints":{"allow":["GET"]}}],"collection":[{"href":"https:\/\/www.urfabugun.com\/index.php\/wp-json\/wp\/v2\/posts"}],"about":[{"href":"https:\/\/www.urfabugun.com\/index.php\/wp-json\/wp\/v2\/types\/post"}],"author":[{"embeddable":true,"href":"https:\/\/www.urfabugun.com\/index.php\/wp-json\/wp\/v2\/users\/2"}],"replies":[{"embeddable":true,"href":"https:\/\/www.urfabugun.com\/index.php\/wp-json\/wp\/v2\/comments?post=11853"}],"version-history":[{"count":0,"href":"https:\/\/www.urfabugun.com\/index.php\/wp-json\/wp\/v2\/posts\/11853\/revisions"}],"wp:featuredmedia":[{"embeddable":true,"href":"https:\/\/www.urfabugun.com\/index.php\/wp-json\/wp\/v2\/media\/11855"}],"wp:attachment":[{"href":"https:\/\/www.urfabugun.com\/index.php\/wp-json\/wp\/v2\/media?parent=11853"}],"wp:term":[{"taxonomy":"category","embeddable":true,"href":"https:\/\/www.urfabugun.com\/index.php\/wp-json\/wp\/v2\/categories?post=11853"},{"taxonomy":"post_tag","embeddable":true,"href":"https:\/\/www.urfabugun.com\/index.php\/wp-json\/wp\/v2\/tags?post=11853"},{"taxonomy":"manset","embeddable":true,"href":"https:\/\/www.urfabugun.com\/index.php\/wp-json\/wp\/v2\/manset?post=11853"}],"curies":[{"name":"wp","href":"https:\/\/api.w.org\/{rel}","templated":true}]}}