{"id":11858,"date":"2024-02-14T15:37:57","date_gmt":"2024-02-14T12:37:57","guid":{"rendered":"https:\/\/www.urfabugun.com\/?p=11858"},"modified":"2024-02-14T15:38:03","modified_gmt":"2024-02-14T12:38:03","slug":"dicle-elektrik-siddetli-yagislara-karsi-harekete-gecti","status":"publish","type":"post","link":"https:\/\/www.urfabugun.com\/index.php\/2024\/02\/14\/dicle-elektrik-siddetli-yagislara-karsi-harekete-gecti\/","title":{"rendered":"Dicle Elektrik \u015eiddetli Ya\u011f\u0131\u015flara Kar\u015f\u0131 Harekete Ge\u00e7ti!"},"content":{"rendered":"\n<p><strong>\u015eanl\u0131urfa&#8217;da Dicle Elektrik, olumsuz hava ve do\u011fal ko\u015fullara kar\u015f\u0131 harekete ge\u00e7ti.<\/strong><\/p>\n\n\n\n<p>Meteoroloji Genel M\u00fcd\u00fcrl\u00fc\u011f\u00fc&#8217;n\u00fcn \u015eanl\u0131urfa i\u00e7in verdi\u011fi \u015fiddetli ya\u011f\u0131\u015f uyar\u0131s\u0131na istinaden Dicle Elektrik, olas\u0131 olumsuzluklara kar\u015f\u0131 kapsaml\u0131 \u00f6nlemler ald\u0131.<\/p>\n\n\n\n<figure class=\"wp-block-image size-large\"><img loading=\"lazy\" decoding=\"async\" width=\"1024\" height=\"682\" src=\"https:\/\/www.urfabugun.com\/wp-content\/uploads\/2024\/02\/ef717077-cdbe-4230-b3ad-fb182e6596fc-1024x682.jpeg\" alt=\"\" class=\"wp-image-11860\"\/><\/figure>\n\n\n\n<p>\u015eanl\u0131urfa&#8217;da Dicle Elektrik, olumsuz hava ve do\u011fal ko\u015fullara meydan okuyarak, 2.3 milyon abonesine kesintisiz enerji sa\u011flamak ad\u0131na sahadaki \u00e7al\u0131\u015fmalar\u0131na devam ediyor.<\/p>\n\n\n\n<p>Kentte gece saatlerinde etkisini g\u00f6steren \u015fiddetli sa\u011fanak ya\u011f\u0131\u015flar sonucu, baz\u0131 b\u00f6lgelerde sel riskinin olu\u015fmas\u0131 \u00fczerine harekete ge\u00e7en Dicle Elektrik, \u015eanl\u0131urfa \u0130l M\u00fcd\u00fcrl\u00fc\u011f\u00fc b\u00fcnyesinde bir kriz masas\u0131 kurdu. Bu kapsamda, 150 personelden olu\u015fan 50 acil m\u00fcdahale ekibi teyakkuz durumuna ge\u00e7irildi.<\/p>\n\n\n\n<p>Sel riskinin bulundu\u011fu b\u00f6lgelerde g\u00fcvenlik \u00f6nlemleri amac\u0131yla kontroll\u00fc elektrik kesintileri uygulan\u0131rken, il merkezinde meydana gelen elektrik ar\u0131zalar\u0131 ise h\u0131zla giderildi.<\/p>\n","protected":false},"excerpt":{"rendered":"<p>\u015eanl\u0131urfa&#8217;da Dicle Elektrik, olumsuz hava ve do\u011fal ko\u015fullara kar\u015f\u0131 harekete ge\u00e7ti. Meteoroloji Genel M\u00fcd\u00fcrl\u00fc\u011f\u00fc&#8217;n\u00fcn \u015eanl\u0131urfa i\u00e7in&#46;&#46;&#46;<\/p>\n","protected":false},"author":2,"featured_media":11861,"comment_status":"open","ping_status":"open","sticky":false,"template":"","format":"standard","meta":{"inline_featured_image":false,"footnotes":""},"categories":[82],"tags":[1915,3557,118,131,3558,107,167],"manset":[],"class_list":["post-11858","post","type-post","status-publish","format-standard","has-post-thumbnail","hentry","category-gundem-haberleri","tag-dicle-elektrik","tag-dicle-elektrik-siddetli-yagislara-karsi-harekete-gecti","tag-sanliurfa","tag-son-dakika","tag-sondakika-sel","tag-ub","tag-yagmur"],"_links":{"self":[{"href":"https:\/\/www.urfabugun.com\/index.php\/wp-json\/wp\/v2\/posts\/11858","targetHints":{"allow":["GET"]}}],"collection":[{"href":"https:\/\/www.urfabugun.com\/index.php\/wp-json\/wp\/v2\/posts"}],"about":[{"href":"https:\/\/www.urfabugun.com\/index.php\/wp-json\/wp\/v2\/types\/post"}],"author":[{"embeddable":true,"href":"https:\/\/www.urfabugun.com\/index.php\/wp-json\/wp\/v2\/users\/2"}],"replies":[{"embeddable":true,"href":"https:\/\/www.urfabugun.com\/index.php\/wp-json\/wp\/v2\/comments?post=11858"}],"version-history":[{"count":0,"href":"https:\/\/www.urfabugun.com\/index.php\/wp-json\/wp\/v2\/posts\/11858\/revisions"}],"wp:featuredmedia":[{"embeddable":true,"href":"https:\/\/www.urfabugun.com\/index.php\/wp-json\/wp\/v2\/media\/11861"}],"wp:attachment":[{"href":"https:\/\/www.urfabugun.com\/index.php\/wp-json\/wp\/v2\/media?parent=11858"}],"wp:term":[{"taxonomy":"category","embeddable":true,"href":"https:\/\/www.urfabugun.com\/index.php\/wp-json\/wp\/v2\/categories?post=11858"},{"taxonomy":"post_tag","embeddable":true,"href":"https:\/\/www.urfabugun.com\/index.php\/wp-json\/wp\/v2\/tags?post=11858"},{"taxonomy":"manset","embeddable":true,"href":"https:\/\/www.urfabugun.com\/index.php\/wp-json\/wp\/v2\/manset?post=11858"}],"curies":[{"name":"wp","href":"https:\/\/api.w.org\/{rel}","templated":true}]}}