{"id":11872,"date":"2024-02-14T22:30:15","date_gmt":"2024-02-14T19:30:15","guid":{"rendered":"https:\/\/www.urfabugun.com\/?p=11872"},"modified":"2024-02-14T22:34:14","modified_gmt":"2024-02-14T19:34:14","slug":"sanliurfada-okullar-yatin-tatil-edildi","status":"publish","type":"post","link":"https:\/\/www.urfabugun.com\/index.php\/2024\/02\/14\/sanliurfada-okullar-yatin-tatil-edildi\/","title":{"rendered":"\u015eanl\u0131urfa\u2019da Okullar Yar\u0131n Tatil Edildi!"},"content":{"rendered":"\n<p><\/p>\n\n\n\n<p>\u015eanl\u0131urfa Valisi Hasan \u015e\u0131ldak, sa\u011fanak nedeniyle il genelinde e\u011fitime 15 \u015eubat Per\u015fembe g\u00fcn\u00fc 1 g\u00fcn ara verildi\u011fini duyurdu.<\/p>\n\n\n\n<p>\u015eanl\u0131urfa Valisi Hasan \u015e\u0131ldak taraf\u0131ndan yap\u0131lan a\u00e7\u0131klamada, &#8221; \u0130limizde meydana gelen a\u015f\u0131r\u0131 ya\u011f\u0131\u015f nedeniyle, il genelinde k\u0131rsal mahallelerimizde bulunan b\u00fct\u00fcn okullar\u0131m\u0131zda 15 \u015eubat Per\u015fembe g\u00fcn\u00fc e\u011fitime bir g\u00fcn s\u00fcreyle ara verilmi\u015ftir. Ayr\u0131ca k\u0131rsal mahallelerden il\u00e7e merkezlerindeki okullar\u0131m\u0131za ta\u015f\u0131nan \u00f6\u011frencilerimiz de bir g\u00fcn izinli say\u0131lacakt\u0131r.&#8221; ifadesi kullan\u0131ld\u0131.<\/p>\n","protected":false},"excerpt":{"rendered":"<p>\u015eanl\u0131urfa Valisi Hasan \u015e\u0131ldak, sa\u011fanak nedeniyle il genelinde e\u011fitime 15 \u015eubat Per\u015fembe g\u00fcn\u00fc 1 g\u00fcn ara&#46;&#46;&#46;<\/p>\n","protected":false},"author":2,"featured_media":8788,"comment_status":"open","ping_status":"open","sticky":false,"template":"","format":"standard","meta":{"inline_featured_image":false,"footnotes":""},"categories":[82],"tags":[118,3561,131,107],"manset":[],"class_list":["post-11872","post","type-post","status-publish","format-standard","has-post-thumbnail","hentry","category-gundem-haberleri","tag-sanliurfa","tag-sanliurfada-okullar-yatin-tatil-edildi","tag-son-dakika","tag-ub"],"_links":{"self":[{"href":"https:\/\/www.urfabugun.com\/index.php\/wp-json\/wp\/v2\/posts\/11872","targetHints":{"allow":["GET"]}}],"collection":[{"href":"https:\/\/www.urfabugun.com\/index.php\/wp-json\/wp\/v2\/posts"}],"about":[{"href":"https:\/\/www.urfabugun.com\/index.php\/wp-json\/wp\/v2\/types\/post"}],"author":[{"embeddable":true,"href":"https:\/\/www.urfabugun.com\/index.php\/wp-json\/wp\/v2\/users\/2"}],"replies":[{"embeddable":true,"href":"https:\/\/www.urfabugun.com\/index.php\/wp-json\/wp\/v2\/comments?post=11872"}],"version-history":[{"count":0,"href":"https:\/\/www.urfabugun.com\/index.php\/wp-json\/wp\/v2\/posts\/11872\/revisions"}],"wp:featuredmedia":[{"embeddable":true,"href":"https:\/\/www.urfabugun.com\/index.php\/wp-json\/wp\/v2\/media\/8788"}],"wp:attachment":[{"href":"https:\/\/www.urfabugun.com\/index.php\/wp-json\/wp\/v2\/media?parent=11872"}],"wp:term":[{"taxonomy":"category","embeddable":true,"href":"https:\/\/www.urfabugun.com\/index.php\/wp-json\/wp\/v2\/categories?post=11872"},{"taxonomy":"post_tag","embeddable":true,"href":"https:\/\/www.urfabugun.com\/index.php\/wp-json\/wp\/v2\/tags?post=11872"},{"taxonomy":"manset","embeddable":true,"href":"https:\/\/www.urfabugun.com\/index.php\/wp-json\/wp\/v2\/manset?post=11872"}],"curies":[{"name":"wp","href":"https:\/\/api.w.org\/{rel}","templated":true}]}}