{"id":11877,"date":"2024-02-15T00:54:25","date_gmt":"2024-02-14T21:54:25","guid":{"rendered":"https:\/\/www.urfabugun.com\/?p=11877"},"modified":"2024-02-15T00:54:31","modified_gmt":"2024-02-14T21:54:31","slug":"baskan-beyazgul-200-arac-700-personel-sahada","status":"publish","type":"post","link":"https:\/\/www.urfabugun.com\/index.php\/2024\/02\/15\/baskan-beyazgul-200-arac-700-personel-sahada\/","title":{"rendered":"Ba\u015fkan Beyazg\u00fcl; 200 Ara\u00e7, 700 Personel Sahada!"},"content":{"rendered":"\n<p><\/p>\n\n\n\n<p><strong>\u015eanl\u0131urfa B\u00fcy\u00fck\u015fehir Belediyesi olas\u0131 ta\u015fk\u0131nlara kar\u015f\u0131 kent genelinde yo\u011fun \u00f6nlem ald\u0131. Ta\u015fk\u0131n nedeniyle kapanan baz\u0131 yollar i\u015f makinalar\u0131 arac\u0131l\u0131\u011f\u0131yla yeniden ula\u015f\u0131ma a\u00e7\u0131ld\u0131.<\/strong><\/p>\n\n\n\n<p>\u00a0<br>\u015eanl\u0131urfa B\u00fcy\u00fck\u015fehir Belediyesi olas\u0131 sel ve ta\u015fk\u0131n olaylar\u0131na kar\u015f\u0131 t\u00fcm ekiplerini seferber etti. \u015eanl\u0131urfa B\u00fcy\u00fck\u015fehir Belediyesi \u015eUSK\u0130 Genel M\u00fcd\u00fcrl\u00fc\u011f\u00fc, Fen \u0130\u015fleri Daire Ba\u015fkanl\u0131\u011f\u0131, K\u0131rsal Hizmetler Daire Ba\u015fkanl\u0131\u011f\u0131 ile Park ve Bah\u00e7eler Daire Ba\u015fkanl\u0131\u011f\u0131 200 ara\u00e7 ve 700 personel ile sahada g\u00f6rev yap\u0131yor.<\/p>\n\n\n\n<p><br>\u015eanl\u0131urfa B\u00fcy\u00fck\u015fehir Belediye Ba\u015fkan\u0131 Zeynel Abidin Beyazg\u00fcl ile AK Parti \u015eanl\u0131urfa Grup Ba\u015fkanvekili Faruk Bayuk, Ula\u015f\u0131m Daire ba\u015fkanl\u0131\u011f\u0131 Trafik Kontrol Merkezinde yap\u0131lan \u00e7al\u0131\u015fmalar\u0131 anl\u0131k olarak takip etti.<\/p>\n\n\n\n<figure class=\"wp-block-image size-large\"><img loading=\"lazy\" decoding=\"async\" width=\"1024\" height=\"683\" src=\"https:\/\/www.urfabugun.com\/wp-content\/uploads\/2024\/02\/2365fe63-e75d-40ef-b86c-8ff343960acd-1024x683.jpeg\" alt=\"\" class=\"wp-image-11880\"\/><\/figure>\n\n\n\n<p>Ba\u015fkan Beyazg\u00fcl, Ula\u015f\u0131m Daire Ba\u015fkan\u0131 Cihan Al\u0131c\u0131\u2019dan yap\u0131lan \u00e7al\u0131\u015fmalarla ilgili olarak teknik bilgi ald\u0131.<br>150 kamera ve 8 ekibin g\u00f6rev ald\u0131\u011f\u0131, \u0130stanbul\u2019dan sonra T\u00fcrkiye\u2019nin en b\u00fcy\u00fck ikinci trafik kontrol merkezi olarak hizmet veren Ula\u015f\u0131m Daire Ba\u015fkanl\u0131\u011f\u0131 Fiber alt yap\u0131 a\u011f\u0131 ile t\u00fcm \u015eanl\u0131urfa\u2019y\u0131 kontrol alt\u0131nda tutuyor.<\/p>\n\n\n\n<figure class=\"wp-block-image size-large\"><img loading=\"lazy\" decoding=\"async\" width=\"1024\" height=\"682\" src=\"https:\/\/www.urfabugun.com\/wp-content\/uploads\/2024\/02\/e9133b05-a935-42d7-b7c6-189c02803f59-1024x682.jpeg\" alt=\"\" class=\"wp-image-11879\"\/><\/figure>\n\n\n\n<p>Ayn\u0131 zamanda Afet Koordinasyon Merkezi g\u00f6revini de y\u00fcr\u00fctmekte olan merkezde g\u00f6r\u00fcnt\u00fcler anl\u0131k olarak takip ediliyor.<br>\u00a0<br>Trafik kontrol merkezine aktar\u0131lan g\u00f6r\u00fcnt\u00fclerde olas\u0131 bir olumsuzluk ilgili birimlere aktar\u0131larak an\u0131nda m\u00fcdahale ediliyor.<br>\u00a0<br>Sel ve ta\u015fk\u0131n olaylar\u0131na kar\u015f\u0131 t\u00fcm birimlerin teyakkuzda oldu\u011funu ifade eden \u015eanl\u0131urfa B\u00fcy\u00fck\u015fehir Belediye ba\u015fkan\u0131 Zeynel Abidin Beyazg\u00fcl, \u00e7ok say\u0131da personelin sahada g\u00f6rev yapt\u0131\u011f\u0131n\u0131 ve ya\u015fanan olumsuzluklara personellerin an\u0131nda m\u00fcdahale etti\u011fini belirtti.<br>\u00a0<br><br>\u015eanl\u0131urfa B\u00fcy\u00fck\u015fehir Belediye Ba\u015fkan\u0131 Zeynel Abidin Beyazg\u00fcl, G\u00fcvenlik ve Acil Durumlar Koordinasyon Merkezi (GAMER)\u2019de \u015eanl\u0131urfa Valisi Hasan \u015e\u0131ldak Ba\u015fkanl\u0131\u011f\u0131nda d\u00fczenlenen toplant\u0131ya kat\u0131ld\u0131.<\/p>\n","protected":false},"excerpt":{"rendered":"<p>\u015eanl\u0131urfa B\u00fcy\u00fck\u015fehir Belediyesi olas\u0131 ta\u015fk\u0131nlara kar\u015f\u0131 kent genelinde yo\u011fun \u00f6nlem ald\u0131. Ta\u015fk\u0131n nedeniyle kapanan baz\u0131 yollar&#46;&#46;&#46;<\/p>\n","protected":false},"author":2,"featured_media":11881,"comment_status":"open","ping_status":"open","sticky":false,"template":"","format":"standard","meta":{"inline_featured_image":false,"footnotes":""},"categories":[82],"tags":[3564,172,3563,118,119,868,131,107,994],"manset":[],"class_list":["post-11877","post","type-post","status-publish","format-standard","has-post-thumbnail","hentry","category-gundem-haberleri","tag-700-personel-sahada","tag-baskan-beyazgul","tag-baskan-beyazgul-200-arac","tag-sanliurfa","tag-sanliurfa-buyuksehir-belediyesi","tag-sel","tag-son-dakika","tag-ub","tag-zeynel-abidin-beyazgul-2"],"_links":{"self":[{"href":"https:\/\/www.urfabugun.com\/index.php\/wp-json\/wp\/v2\/posts\/11877","targetHints":{"allow":["GET"]}}],"collection":[{"href":"https:\/\/www.urfabugun.com\/index.php\/wp-json\/wp\/v2\/posts"}],"about":[{"href":"https:\/\/www.urfabugun.com\/index.php\/wp-json\/wp\/v2\/types\/post"}],"author":[{"embeddable":true,"href":"https:\/\/www.urfabugun.com\/index.php\/wp-json\/wp\/v2\/users\/2"}],"replies":[{"embeddable":true,"href":"https:\/\/www.urfabugun.com\/index.php\/wp-json\/wp\/v2\/comments?post=11877"}],"version-history":[{"count":0,"href":"https:\/\/www.urfabugun.com\/index.php\/wp-json\/wp\/v2\/posts\/11877\/revisions"}],"wp:featuredmedia":[{"embeddable":true,"href":"https:\/\/www.urfabugun.com\/index.php\/wp-json\/wp\/v2\/media\/11881"}],"wp:attachment":[{"href":"https:\/\/www.urfabugun.com\/index.php\/wp-json\/wp\/v2\/media?parent=11877"}],"wp:term":[{"taxonomy":"category","embeddable":true,"href":"https:\/\/www.urfabugun.com\/index.php\/wp-json\/wp\/v2\/categories?post=11877"},{"taxonomy":"post_tag","embeddable":true,"href":"https:\/\/www.urfabugun.com\/index.php\/wp-json\/wp\/v2\/tags?post=11877"},{"taxonomy":"manset","embeddable":true,"href":"https:\/\/www.urfabugun.com\/index.php\/wp-json\/wp\/v2\/manset?post=11877"}],"curies":[{"name":"wp","href":"https:\/\/api.w.org\/{rel}","templated":true}]}}