{"id":11883,"date":"2024-02-15T09:22:30","date_gmt":"2024-02-15T06:22:30","guid":{"rendered":"https:\/\/www.urfabugun.com\/?p=11883"},"modified":"2024-02-15T09:22:37","modified_gmt":"2024-02-15T06:22:37","slug":"siverekte-arac-selde-kayboldu-5-kisi-kurtarildi","status":"publish","type":"post","link":"https:\/\/www.urfabugun.com\/index.php\/2024\/02\/15\/siverekte-arac-selde-kayboldu-5-kisi-kurtarildi\/","title":{"rendered":"Siverek\u2019te Ara\u00e7 Sel\u2019de Kayboldu, 5 Ki\u015fi Kurtar\u0131ld\u0131!"},"content":{"rendered":"\n<p><\/p>\n\n\n\n<p><strong>\u015eanl\u0131urfa\u2019n\u0131n Siverek il\u00e7esinde sele kap\u0131lan ara\u00e7ta bulunan 5 ki\u015fi, ekiplerin \u00e7al\u0131\u015fmas\u0131 sonucu kurtar\u0131ld\u0131.<\/strong><\/p>\n\n\n\n<p>Edinilen bilgiye g\u00f6re Meteoroloji Genel M\u00fcd\u00fcrl\u00fc\u011f\u00fcn uyar\u0131s\u0131n\u0131n ard\u0131ndan \u015eanl\u0131urfa\u2019n\u0131n Siverek il\u00e7esinde sabah saatlerinde ba\u015flayan sa\u011fanak ya\u011f\u0131\u015f ak\u015fam saatlerinde \u015fiddetini art\u0131r\u0131nca sel meydana geldi.<\/p>\n\n\n\n<p>\u0130l\u00e7eye ba\u011fl\u0131 Ta\u015fl\u0131 k\u00f6y\u00fc yak\u0131nlar\u0131nda ak\u015fam saatlerinde bir otomobil sele kap\u0131ld\u0131. \u00c7evredekilerin olay\u0131 fark etmesi \u00fczerine otomobilde bulunan ve aralar\u0131nda \u00e7ocuklar\u0131nda oldu\u011fu 5 ki\u015fi kurtar\u0131l\u0131rken, ara\u00e7 sele kap\u0131larak kayboldu.<\/p>\n\n\n\n<p>Ekiplerin b\u00f6lgede \u00e7al\u0131\u015fmalar\u0131 devam ediyor.<\/p>\n","protected":false},"excerpt":{"rendered":"<p>\u015eanl\u0131urfa\u2019n\u0131n Siverek il\u00e7esinde sele kap\u0131lan ara\u00e7ta bulunan 5 ki\u015fi, ekiplerin \u00e7al\u0131\u015fmas\u0131 sonucu kurtar\u0131ld\u0131. Edinilen bilgiye g\u00f6re&#46;&#46;&#46;<\/p>\n","protected":false},"author":2,"featured_media":11885,"comment_status":"open","ping_status":"open","sticky":false,"template":"","format":"standard","meta":{"inline_featured_image":false,"footnotes":""},"categories":[75],"tags":[3566,184,3565,131,107],"manset":[],"class_list":["post-11883","post","type-post","status-publish","format-standard","has-post-thumbnail","hentry","category-asayis-haberleri","tag-5-kisi-kurtarildi","tag-asayis","tag-siverekte-arac-selde-kayboldu","tag-son-dakika","tag-ub"],"_links":{"self":[{"href":"https:\/\/www.urfabugun.com\/index.php\/wp-json\/wp\/v2\/posts\/11883","targetHints":{"allow":["GET"]}}],"collection":[{"href":"https:\/\/www.urfabugun.com\/index.php\/wp-json\/wp\/v2\/posts"}],"about":[{"href":"https:\/\/www.urfabugun.com\/index.php\/wp-json\/wp\/v2\/types\/post"}],"author":[{"embeddable":true,"href":"https:\/\/www.urfabugun.com\/index.php\/wp-json\/wp\/v2\/users\/2"}],"replies":[{"embeddable":true,"href":"https:\/\/www.urfabugun.com\/index.php\/wp-json\/wp\/v2\/comments?post=11883"}],"version-history":[{"count":0,"href":"https:\/\/www.urfabugun.com\/index.php\/wp-json\/wp\/v2\/posts\/11883\/revisions"}],"wp:featuredmedia":[{"embeddable":true,"href":"https:\/\/www.urfabugun.com\/index.php\/wp-json\/wp\/v2\/media\/11885"}],"wp:attachment":[{"href":"https:\/\/www.urfabugun.com\/index.php\/wp-json\/wp\/v2\/media?parent=11883"}],"wp:term":[{"taxonomy":"category","embeddable":true,"href":"https:\/\/www.urfabugun.com\/index.php\/wp-json\/wp\/v2\/categories?post=11883"},{"taxonomy":"post_tag","embeddable":true,"href":"https:\/\/www.urfabugun.com\/index.php\/wp-json\/wp\/v2\/tags?post=11883"},{"taxonomy":"manset","embeddable":true,"href":"https:\/\/www.urfabugun.com\/index.php\/wp-json\/wp\/v2\/manset?post=11883"}],"curies":[{"name":"wp","href":"https:\/\/api.w.org\/{rel}","templated":true}]}}