{"id":11895,"date":"2024-02-15T14:04:40","date_gmt":"2024-02-15T11:04:40","guid":{"rendered":"https:\/\/www.urfabugun.com\/?p=11895"},"modified":"2024-02-15T14:04:47","modified_gmt":"2024-02-15T11:04:47","slug":"baskan-ekinci-biz-bu-yola-tum-benligimizi-koyduk","status":"publish","type":"post","link":"https:\/\/www.urfabugun.com\/index.php\/2024\/02\/15\/baskan-ekinci-biz-bu-yola-tum-benligimizi-koyduk\/","title":{"rendered":"Ba\u015fkan Ekinci; \u201cBiz Bu Yola T\u00fcm Benli\u011fimizi Koyduk\u201d!"},"content":{"rendered":"\n<p><\/p>\n\n\n\n<p><strong>\u015eanl\u0131urfa Yeniden Refah Partisi Eyy\u00fcbiye Ba\u015fkan Aday\u0131 Mehmet Ekinci Se\u00e7im b\u00fcrosunda y\u00fczlerce se\u00e7meni ile bir araya geldi.<\/strong><\/p>\n\n\n\n<p>\u015eanl\u0131urfa\u2019n\u0131n Eyy\u00fcbiye il\u00e7esinde Yeniden Refah Partisi\u2019nin Belediye Ba\u015fkan aday\u0131 Mehmet Ekinci\u2019ye ilgi ve destek \u00e7\u0131\u011f gibi b\u00fcy\u00fcyor.<\/p>\n\n\n\n<p>Eyy\u00fcbiye\u2019de de\u011fi\u015fimin ayak sesleri duyulmaya ba\u015flad\u0131. Eyy\u00fcbiye Belediyesi Kurucu Belediye Ba\u015fkan\u0131 ve Yeniden Refah Partisi\u2019nin Eyy\u00fcbiye Belediye Ba\u015fkan aday\u0131 Mehmet Ekinci\u2019nin se\u00e7im b\u00fcrosu desteke vermeye gelen vatanda\u015flarla dolup ta\u015f\u0131yor.<\/p>\n\n\n\n<p>Eyy\u00fcbiye Belediyesi\u2019nin kurumsalla\u015ft\u0131ran, en \u00f6nemli proje ve hizmetlerin d\u00f6neminde yap\u0131ld\u0131\u011f\u0131 Mehmet Ekinci, g\u00fcnd\u00fcz vaktinde esnafla bir araya gelirken, gecenin ilerleyen saatlerinde ise se\u00e7im b\u00fcrosunda vatanda\u015flarla bir araya geliyor.<\/p>\n\n\n\n<figure class=\"wp-block-image size-large is-resized\"><img loading=\"lazy\" decoding=\"async\" width=\"768\" height=\"1024\" src=\"https:\/\/www.urfabugun.com\/wp-content\/uploads\/2024\/02\/IMG_0386-768x1024.jpeg\" alt=\"\" class=\"wp-image-11898\" style=\"width:354px;height:auto\"\/><\/figure>\n\n\n\n<p>D\u00fcn gece Merkez Se\u00e7im B\u00fcrosunda vatanda\u015flarla bulu\u015fan Ekinci, belediye ba\u015fkanl\u0131\u011f\u0131 d\u00f6neminde yapt\u0131klar\u0131n\u0131 ve g\u00f6reve gelmeleri halinde ise yapacaklar\u0131n\u0131 anlatt\u0131. Ekinci, T\u00fcrkiye\u2019de yeniden \u00f6rnek bir belediyecilik sergileyeceklerini bildirdi.<\/p>\n\n\n\n<p>Ba\u015fkan Ekinci biz bu yola t\u00fcm benli\u011fimizi koyduk. Bug\u00fcnde BAGARA A\u015fireti bizleri se\u00e7im b\u00fcrosuna gelerek verdikleri b\u00fcy\u00fck destek ile ihya etti . T\u00fcm a\u015firet mensuplar\u0131na ve yeniden Refah Partisine g\u00f6n\u00fcl vermi\u015f vatanda\u015flar\u0131m\u0131za sonsuz te\u015fekk\u00fcr ederim\u201ddedi.<\/p>\n\n\n\n<figure class=\"wp-block-embed is-type-video is-provider-youtube wp-block-embed-youtube wp-embed-aspect-16-9 wp-has-aspect-ratio\"><div class=\"wp-block-embed__wrapper\">\n<iframe loading=\"lazy\" title=\"Ba\u015fkan Ekinci; \u201cBiz Bu Yola T\u00fcm Benli\u011fimizi Koyduk\u201d!\" width=\"500\" height=\"281\" src=\"data:image\/png;base64,iVBORw0KGgoAAAANSUhEUgAAAAIAAAABCAQAAABeK7cBAAAAC0lEQVR42mNkAAIAAAoAAv\/lxKUAAAAASUVORK5CYII=\" data-src=\"https:\/\/www.youtube.com\/embed\/6lU7GNWyWcc?feature=oembed\" frameborder=\"0\" allow=\"accelerometer; autoplay; clipboard-write; encrypted-media; gyroscope; picture-in-picture; web-share\" referrerpolicy=\"strict-origin-when-cross-origin\" class=\"kanews-lazy\" allowfullscreen><\/iframe>\n<\/div><\/figure>\n","protected":false},"excerpt":{"rendered":"<p>\u015eanl\u0131urfa Yeniden Refah Partisi Eyy\u00fcbiye Ba\u015fkan Aday\u0131 Mehmet Ekinci Se\u00e7im b\u00fcrosunda y\u00fczlerce se\u00e7meni ile bir araya&#46;&#46;&#46;<\/p>\n","protected":false},"author":2,"featured_media":11897,"comment_status":"open","ping_status":"open","sticky":false,"template":"","format":"standard","meta":{"inline_featured_image":false,"footnotes":""},"categories":[82],"tags":[3569,118,131,107,973,3506],"manset":[],"class_list":["post-11895","post","type-post","status-publish","format-standard","has-post-thumbnail","hentry","category-gundem-haberleri","tag-baskan-ekinci-biz-bu-yola-tum-benligimizi-koyduk","tag-sanliurfa","tag-son-dakika","tag-ub","tag-yeniden-refah-partisi","tag-yeniden-refah-sanliurfa"],"_links":{"self":[{"href":"https:\/\/www.urfabugun.com\/index.php\/wp-json\/wp\/v2\/posts\/11895","targetHints":{"allow":["GET"]}}],"collection":[{"href":"https:\/\/www.urfabugun.com\/index.php\/wp-json\/wp\/v2\/posts"}],"about":[{"href":"https:\/\/www.urfabugun.com\/index.php\/wp-json\/wp\/v2\/types\/post"}],"author":[{"embeddable":true,"href":"https:\/\/www.urfabugun.com\/index.php\/wp-json\/wp\/v2\/users\/2"}],"replies":[{"embeddable":true,"href":"https:\/\/www.urfabugun.com\/index.php\/wp-json\/wp\/v2\/comments?post=11895"}],"version-history":[{"count":0,"href":"https:\/\/www.urfabugun.com\/index.php\/wp-json\/wp\/v2\/posts\/11895\/revisions"}],"wp:featuredmedia":[{"embeddable":true,"href":"https:\/\/www.urfabugun.com\/index.php\/wp-json\/wp\/v2\/media\/11897"}],"wp:attachment":[{"href":"https:\/\/www.urfabugun.com\/index.php\/wp-json\/wp\/v2\/media?parent=11895"}],"wp:term":[{"taxonomy":"category","embeddable":true,"href":"https:\/\/www.urfabugun.com\/index.php\/wp-json\/wp\/v2\/categories?post=11895"},{"taxonomy":"post_tag","embeddable":true,"href":"https:\/\/www.urfabugun.com\/index.php\/wp-json\/wp\/v2\/tags?post=11895"},{"taxonomy":"manset","embeddable":true,"href":"https:\/\/www.urfabugun.com\/index.php\/wp-json\/wp\/v2\/manset?post=11895"}],"curies":[{"name":"wp","href":"https:\/\/api.w.org\/{rel}","templated":true}]}}