{"id":11992,"date":"2024-02-16T20:41:43","date_gmt":"2024-02-16T17:41:43","guid":{"rendered":"https:\/\/www.urfabugun.com\/?p=11992"},"modified":"2024-02-16T20:41:50","modified_gmt":"2024-02-16T17:41:50","slug":"helvaci-ali-sanliurfada-acildi","status":"publish","type":"post","link":"https:\/\/www.urfabugun.com\/index.php\/2024\/02\/16\/helvaci-ali-sanliurfada-acildi\/","title":{"rendered":"Helvac\u0131 Ali \u015eanl\u0131urfa\u2019da A\u00e7\u0131ld\u0131!"},"content":{"rendered":"\n<p><\/p>\n\n\n\n<p><strong>Helva deyince akla ilk gelen,Helva sekt\u00f6r\u00fcnde yeni tatlar ve deneyimler sunan ,T\u00fcrkiye\u2019nin yerli markas\u0131 HELVACI AL\u0130 \u015eanl\u0131urfa\u2019da a\u00e7\u0131ld\u0131.<\/strong><\/p>\n\n\n\n<p>1900 y\u0131l\u0131ndan Beri Helva sekt\u00f6r\u00fcn\u00fcn \u00f6nc\u00fclerinden olan firma S\u00f6nmez Irmak ,Ve Bet\u00fcl Bozkurt ortakl\u0131\u011f\u0131nda \u015eanl\u0131urfa\u2019da bulunan Al\u0131\u015fveri\u015f Merkezinde a\u00e7\u0131ld\u0131 .<\/p>\n\n\n\n<p>5 Farkl\u0131 \u00e7e\u015fidi ile hizmet veren firman\u0131n A\u00e7\u0131l\u0131\u015f\u0131na \u015eanl\u0131urfa B\u00fcy\u00fck\u015fehir Belediye Ba\u015fkan\u0131 Zeynel Abidin Beyazg\u00fcl E\u015fi Bet\u00fcl Beyazg\u00fcl,Ak Parti \u015eanl\u0131urfa Kad\u0131n Kollar\u0131 Ba\u015fkan\u0131 Demet Saat\u00e7i G\u00fcven ve Ak Parti Kad\u0131n Kollar\u0131 Te\u015fkilat\u0131 kat\u0131l\u0131m Sa\u011flad\u0131.<\/p>\n\n\n\n<p>A\u00e7\u0131l\u0131\u015fa gelen herkese te\u015fekk\u00fcr eden \u0130\u015f \u0130nsan\u0131 S\u00f6nmez Irmak \u015fu ifadelere yer verdi;\u201dIrmak konu\u015fmas\u0131nda \u201cHELVACI AL\u0130 Olarak \u015eanl\u0131urfa\u2019da Yerimizi Ald\u0131k .A\u00e7\u0131l\u0131\u015f\u0131m\u0131za gelen t\u00fcm misafirlerimize Te\u015fekk\u00fcr Ediyoruz . T\u00fcm \u015eanl\u0131urfa halk\u0131n\u0131 Helvac\u0131 Aliye Bekliyoruz\u201d dedi.<\/p>\n","protected":false},"excerpt":{"rendered":"<p>Helva deyince akla ilk gelen,Helva sekt\u00f6r\u00fcnde yeni tatlar ve deneyimler sunan ,T\u00fcrkiye\u2019nin yerli markas\u0131 HELVACI AL\u0130&#46;&#46;&#46;<\/p>\n","protected":false},"author":2,"featured_media":11991,"comment_status":"open","ping_status":"open","sticky":false,"template":"","format":"standard","meta":{"inline_featured_image":false,"footnotes":""},"categories":[82],"tags":[3596,118,131,107],"manset":[],"class_list":["post-11992","post","type-post","status-publish","format-standard","has-post-thumbnail","hentry","category-gundem-haberleri","tag-helvaci-ali-sanliurfada-acildi","tag-sanliurfa","tag-son-dakika","tag-ub"],"_links":{"self":[{"href":"https:\/\/www.urfabugun.com\/index.php\/wp-json\/wp\/v2\/posts\/11992","targetHints":{"allow":["GET"]}}],"collection":[{"href":"https:\/\/www.urfabugun.com\/index.php\/wp-json\/wp\/v2\/posts"}],"about":[{"href":"https:\/\/www.urfabugun.com\/index.php\/wp-json\/wp\/v2\/types\/post"}],"author":[{"embeddable":true,"href":"https:\/\/www.urfabugun.com\/index.php\/wp-json\/wp\/v2\/users\/2"}],"replies":[{"embeddable":true,"href":"https:\/\/www.urfabugun.com\/index.php\/wp-json\/wp\/v2\/comments?post=11992"}],"version-history":[{"count":0,"href":"https:\/\/www.urfabugun.com\/index.php\/wp-json\/wp\/v2\/posts\/11992\/revisions"}],"wp:featuredmedia":[{"embeddable":true,"href":"https:\/\/www.urfabugun.com\/index.php\/wp-json\/wp\/v2\/media\/11991"}],"wp:attachment":[{"href":"https:\/\/www.urfabugun.com\/index.php\/wp-json\/wp\/v2\/media?parent=11992"}],"wp:term":[{"taxonomy":"category","embeddable":true,"href":"https:\/\/www.urfabugun.com\/index.php\/wp-json\/wp\/v2\/categories?post=11992"},{"taxonomy":"post_tag","embeddable":true,"href":"https:\/\/www.urfabugun.com\/index.php\/wp-json\/wp\/v2\/tags?post=11992"},{"taxonomy":"manset","embeddable":true,"href":"https:\/\/www.urfabugun.com\/index.php\/wp-json\/wp\/v2\/manset?post=11992"}],"curies":[{"name":"wp","href":"https:\/\/api.w.org\/{rel}","templated":true}]}}